{"id":1991,"date":"2021-07-26T16:53:05","date_gmt":"2021-07-26T14:53:05","guid":{"rendered":"https:\/\/digital.gov.mg\/?p=1991"},"modified":"2021-07-30T17:51:44","modified_gmt":"2021-07-30T15:51:44","slug":"dc-achat-des-appareils-electromenagers-et-des-ustensiles-de-cuisine-pour-lunite-de-coordination-des-projets-et-lunite-de-gouvernance-digitale","status":"publish","type":"post","link":"https:\/\/digital.gov.mg\/en\/2021\/07\/26\/dc-achat-des-appareils-electromenagers-et-des-ustensiles-de-cuisine-pour-lunite-de-coordination-des-projets-et-lunite-de-gouvernance-digitale\/","title":{"rendered":"DC Achat des appareils \u00e9lectrom\u00e9nagers et des ustensiles de cuisine, pour l\u2019Unit\u00e9 de Coordination des Projets et l\u2019Unit\u00e9 de Gouvernance Digitale."},"content":{"rendered":"\n<p><strong>Objet : Achat des appareils \u00e9lectrom\u00e9nagers et des ustensiles de cuisine, pour l\u2019Unit\u00e9 de Coordination des Projets et l\u2019Unit\u00e9 de Gouvernance Digitale.<br><\/strong><em>DEMANDE DE COTATION N\u00b0 040\/2021-DC\/PRODIGY<\/em><\/p>\n\n\n\n<p>Dans le cadre de la r\u00e9alisation des activit\u00e9s du Projet de Gouvernance Digitale et de Gestion de l\u2019Identit\u00e9 Malagasy, pr\u00e9voit un achat des appareils \u00e9lectrom\u00e9nagers et des ustensiles de cuisine, pour l\u2019Unit\u00e9 de Coordination des Projets et l\u2019Unit\u00e9 de Gouvernance Digitale.<\/p>\n\n\n\n<p>Ainsi, nous vous saurions gr\u00e9 de bien vouloir remettre votre meilleure offre (sign\u00e9e et cachet\u00e9e) y aff\u00e9rente adress\u00e9e \u00e0 l\u2019UCP\/PRODIGY sous forme de facture pro forma, et de la faire parvenir par e-mail : procurement@prodigy.gov.mg avec copie \u00e0 rpm@prodigy.gov.mg et apm2@prodigy.gov.mg, avec copie de la carte fiscale, carte statistique , au plus tard le vendredi 06 ao\u00fbt 2021 \u00e0 14 heures sur la base des sp\u00e9cifications techniques ci-dessous :<br>\n<table id=\"tablepress-2\" class=\"tablepress tablepress-id-2\">\n<thead>\n<tr class=\"row-1\">\n\t<th class=\"column-1\">N\u00b0<\/th><th class=\"column-2\">D\u00e9signation<\/th><th class=\"column-3\">Sp\u00e9cification technique<\/th><th class=\"column-4\">Unit\u00e9<\/th><th class=\"column-5\">Quantit\u00e9<\/th>\n<\/tr>\n<\/thead>\n<tbody class=\"row-striping row-hover\">\n<tr class=\"row-2\">\n\t<td class=\"column-1\">01<\/td><td class=\"column-2\">Machine \u00e0 caf\u00e9 :<\/td><td class=\"column-3\">- En acier inoxydable<br \/>\n- Capacit\u00e9 environ 1.8litre<\/td><td class=\"column-4\">Pi\u00e8ce<\/td><td class=\"column-5\">04<\/td>\n<\/tr>\n<tr class=\"row-3\">\n\t<td class=\"column-1\">02<\/td><td class=\"column-2\">Bouilloire<\/td><td class=\"column-3\">- En acier inoxydable<br \/>\n- Temp\u00e9rature max 50\u00b0 \u00e0 100\u00b0C<br \/>\n- Tension 220-240 V<br \/>\n- Capacit\u00e9 environ 1.8 L<\/td><td class=\"column-4\">Pi\u00e8ce<\/td><td class=\"column-5\">04<\/td>\n<\/tr>\n<tr class=\"row-4\">\n\t<td class=\"column-1\">03<\/td><td class=\"column-2\">Micro-ondes<\/td><td class=\"column-3\">- Capacit\u00e9 environ 23 litres<br \/>\n- En acier inoxydable<br \/>\n- Puissance 1000 Watts<br \/>\n- 6 Micro-Ondes puissance Niveaux,<br \/>\n- 3 Grille puissance Niveaux et 3 Combinaison R\u00e9glage<\/td><td class=\"column-4\">Pi\u00e8ce<\/td><td class=\"column-5\">04<\/td>\n<\/tr>\n<tr class=\"row-5\">\n\t<td class=\"column-1\">04<\/td><td class=\"column-2\">R\u00e9frig\u00e9rateur PM<\/td><td class=\"column-3\">- Volume : environ 120L<br \/>\n- Lampe<br \/>\n- Etag\u00e8re \u2013 Fil<br \/>\n- Panier de porte \u2013 Opaque<br \/>\n- Panier de porte \u2013 Bar<br \/>\n- Bac \u00e0 gla\u00e7ons normal<\/td><td class=\"column-4\">Pi\u00e8ce<\/td><td class=\"column-5\">02<\/td>\n<\/tr>\n<tr class=\"row-6\">\n\t<td class=\"column-1\">05<\/td><td class=\"column-2\">R\u00e9frig\u00e9rateur GM<\/td><td class=\"column-3\">- Volume total : environ 244 L<br \/>\n- Distributeur : Eau<\/td><td class=\"column-4\">Pi\u00e8ce<\/td><td class=\"column-5\">02<\/td>\n<\/tr>\n<tr class=\"row-7\">\n\t<td class=\"column-1\">06<\/td><td class=\"column-2\">Chauffage d\u2019appoint \u00e9lectrique<\/td><td class=\"column-3\">- Sorties de chaleur : 2000 watts<br \/>\n- Tension : 220-230 Volts (AC)<br \/>\n- Puissance : 900 Watts<\/td><td class=\"column-4\">Pi\u00e8ce<\/td><td class=\"column-5\">09<\/td>\n<\/tr>\n<tr class=\"row-8\">\n\t<td class=\"column-1\">07<\/td><td class=\"column-2\">Ventilateur de bureau<\/td><td class=\"column-3\">Ventilateur sur Pied, silencieux avec t\u00e9l\u00e9commande<\/td><td class=\"column-4\">Pi\u00e8ce<\/td><td class=\"column-5\">08<\/td>\n<\/tr>\n<tr class=\"row-9\">\n\t<td class=\"column-1\">08<\/td><td class=\"column-2\">Verre transparent<\/td><td class=\"column-3\">Capacit\u00e9 environ 45cL<\/td><td class=\"column-4\">Paquet de 06<\/td><td class=\"column-5\">08<\/td>\n<\/tr>\n<tr class=\"row-10\">\n\t<td class=\"column-1\">09<\/td><td class=\"column-2\">Tasse de caf\u00e9 avec soucoupe<\/td><td class=\"column-3\">Blanc<br \/>\nPorcelaine, Capacit\u00e9 environ 16cL<\/td><td class=\"column-4\">Paquet de 06<\/td><td class=\"column-5\">08<\/td>\n<\/tr>\n<tr class=\"row-11\">\n\t<td class=\"column-1\">10<\/td><td class=\"column-2\">Tasse de th\u00e9 avec soucoupe<\/td><td class=\"column-3\">Blanc<br \/>\nPorcelaine, Capacit\u00e9 environ environ 33 cL<\/td><td class=\"column-4\">Paquet de 06<\/td><td class=\"column-5\">08<\/td>\n<\/tr>\n<tr class=\"row-12\">\n\t<td class=\"column-1\">11<\/td><td class=\"column-2\">Assiettes plat<\/td><td class=\"column-3\">En porcelaine<\/td><td class=\"column-4\">Pi\u00e8ce<\/td><td class=\"column-5\">40<\/td>\n<\/tr>\n<tr class=\"row-13\">\n\t<td class=\"column-1\">12<\/td><td class=\"column-2\">Assiettes creuse<\/td><td class=\"column-3\">En porcelaine<\/td><td class=\"column-4\">Pi\u00e8ce<\/td><td class=\"column-5\">40<\/td>\n<\/tr>\n<tr class=\"row-14\">\n\t<td class=\"column-1\">13<\/td><td class=\"column-2\">Couvert<\/td><td class=\"column-3\">En inox<\/td><td class=\"column-4\">Paquet de 06<\/td><td class=\"column-5\">08<\/td>\n<\/tr>\n<tr class=\"row-15\">\n\t<td class=\"column-1\">14<\/td><td class=\"column-2\">Rice cooker<\/td><td class=\"column-3\">Environ 1.8 L<\/td><td class=\"column-4\">Pi\u00e8ce<\/td><td class=\"column-5\">04<\/td>\n<\/tr>\n<tr class=\"row-16\">\n\t<td class=\"column-1\">15<\/td><td class=\"column-2\">Thermos<\/td><td class=\"column-3\">Environ de 2L<br \/>\nCarafe Isotherme, Acier inoxydable<\/td><td class=\"column-4\">Pi\u00e8ce<\/td><td class=\"column-5\">08<\/td>\n<\/tr>\n<tr class=\"row-17\">\n\t<td class=\"column-1\">17<\/td><td class=\"column-2\">Mug<\/td><td class=\"column-3\">Capacit\u00e9 30cL<\/td><td class=\"column-4\">Pi\u00e8ce<\/td><td class=\"column-5\">20<\/td>\n<\/tr>\n<tr class=\"row-18\">\n\t<td class=\"column-1\">18<\/td><td class=\"column-2\">Plateau service<\/td><td class=\"column-3\">Dimension environ 30cmx20cmx2cm<\/td><td class=\"column-4\">Pi\u00e8ce<\/td><td class=\"column-5\">05<\/td>\n<\/tr>\n<\/tbody>\n<\/table>\n<!-- #tablepress-2 from cache --><\/p>\n\n\n\n<p><br><strong>Prix de l\u2019offre :<\/strong><br>Le prix propos\u00e9 est r\u00e9put\u00e9 inclure la Taxe sur les March\u00e9s Publics (TMP) au taux de 8%, sans besoin de majoration ni distinction dans les proforma. Elle sera retenue \u00e0 la source par l\u2019acheteur (UCP-PRODIGY) lors du paiement et revers\u00e9e \u00e0 l\u2019Administration Fiscale.<br>La TMP est lib\u00e9ratoire de la TVA.<\/p>\n\n\n\n<p><br><strong>Validit\u00e9 de l\u2019offre :<\/strong> 90 jours.<\/p>\n","protected":false},"excerpt":{"rendered":"<p>Objet : Achat des appareils \u00e9lectrom\u00e9nagers et des ustensiles de cuisine, pour l\u2019Unit\u00e9 de Coordination des Projets et l\u2019Unit\u00e9 de Gouvernance Digitale.DEMANDE DE COTATION N\u00b0 040\/2021-DC\/PRODIGY Dans le cadre de la r\u00e9alisation des activit\u00e9s du Projet de Gouvernance Digitale et de Gestion de l\u2019Identit\u00e9 Malagasy, pr\u00e9voit un achat des appareils \u00e9lectrom\u00e9nagers et des ustensiles de [&hellip;]<\/p>\n","protected":false},"author":1,"featured_media":0,"comment_status":"open","ping_status":"open","sticky":false,"template":"","format":"standard","meta":{"_acf_changed":false,"footnotes":""},"categories":[],"tags":[],"class_list":["post-1991","post","type-post","status-publish","format-standard","hentry"],"acf":[],"yoast_head":"<!-- This site is optimized with the Yoast SEO plugin v27.5 - https:\/\/yoast.com\/product\/yoast-seo-wordpress\/ -->\n<title>DC Achat des appareils \u00e9lectrom\u00e9nagers et des ustensiles de cuisine, pour l\u2019Unit\u00e9 de Coordination des Projets et l\u2019Unit\u00e9 de Gouvernance Digitale.<\/title>\n<meta name=\"robots\" content=\"index, follow, max-snippet:-1, max-image-preview:large, max-video-preview:-1\" \/>\n<link rel=\"canonical\" href=\"https:\/\/digital.gov.mg\/en\/2021\/07\/26\/dc-achat-des-appareils-electromenagers-et-des-ustensiles-de-cuisine-pour-lunite-de-coordination-des-projets-et-lunite-de-gouvernance-digitale\/\" \/>\n<meta property=\"og:locale\" content=\"en_US\" \/>\n<meta property=\"og:locale:alternate\" content=\"Madagascar\" \/>\n<meta property=\"og:locale:alternate\" content=\"fr_FR\" \/>\n<meta property=\"og:type\" content=\"article\" \/>\n<meta property=\"og:title\" content=\"DC Achat des appareils \u00e9lectrom\u00e9nagers et des ustensiles de cuisine, pour l\u2019Unit\u00e9 de Coordination des Projets et l\u2019Unit\u00e9 de Gouvernance Digitale.\" \/>\n<meta property=\"og:description\" content=\"Objet : Achat des appareils \u00e9lectrom\u00e9nagers et des ustensiles de cuisine, pour l\u2019Unit\u00e9 de Coordination des Projets et l\u2019Unit\u00e9 de Gouvernance Digitale.DEMANDE DE COTATION N\u00b0 040\/2021-DC\/PRODIGY Dans le cadre de la r\u00e9alisation des activit\u00e9s du Projet de Gouvernance Digitale et de Gestion de l\u2019Identit\u00e9 Malagasy, pr\u00e9voit un achat des appareils \u00e9lectrom\u00e9nagers et des ustensiles de [&hellip;]\" \/>\n<meta property=\"og:url\" content=\"https:\/\/digital.gov.mg\/en\/2021\/07\/26\/dc-achat-des-appareils-electromenagers-et-des-ustensiles-de-cuisine-pour-lunite-de-coordination-des-projets-et-lunite-de-gouvernance-digitale\/\" \/>\n<meta property=\"og:site_name\" content=\"Unit\u00e9 de Gouvernance Digitale\" \/>\n<meta property=\"article:published_time\" content=\"2021-07-26T14:53:05+00:00\" \/>\n<meta property=\"article:modified_time\" content=\"2021-07-30T15:51:44+00:00\" \/>\n<meta name=\"author\" content=\"Administrateur\" \/>\n<meta name=\"twitter:card\" content=\"summary_large_image\" \/>\n<meta name=\"twitter:label1\" content=\"Written by\" \/>\n\t<meta name=\"twitter:data1\" content=\"Administrateur\" \/>\n\t<meta name=\"twitter:label2\" content=\"Est. reading time\" \/>\n\t<meta name=\"twitter:data2\" content=\"1 minute\" \/>\n<script type=\"application\/ld+json\" class=\"yoast-schema-graph\">{\"@context\":\"https:\\\/\\\/schema.org\",\"@graph\":[{\"@type\":\"Article\",\"@id\":\"https:\\\/\\\/digital.gov.mg\\\/2021\\\/07\\\/26\\\/dc-achat-des-appareils-electromenagers-et-des-ustensiles-de-cuisine-pour-lunite-de-coordination-des-projets-et-lunite-de-gouvernance-digitale\\\/#article\",\"isPartOf\":{\"@id\":\"https:\\\/\\\/digital.gov.mg\\\/2021\\\/07\\\/26\\\/dc-achat-des-appareils-electromenagers-et-des-ustensiles-de-cuisine-pour-lunite-de-coordination-des-projets-et-lunite-de-gouvernance-digitale\\\/\"},\"author\":{\"name\":\"Administrateur\",\"@id\":\"https:\\\/\\\/digital.gov.mg\\\/#\\\/schema\\\/person\\\/e0bfd7c501fa6d8ca7517987accbe996\"},\"headline\":\"DC Achat des appareils \u00e9lectrom\u00e9nagers et des ustensiles de cuisine, pour l\u2019Unit\u00e9 de Coordination des Projets et l\u2019Unit\u00e9 de Gouvernance Digitale.\",\"datePublished\":\"2021-07-26T14:53:05+00:00\",\"dateModified\":\"2021-07-30T15:51:44+00:00\",\"mainEntityOfPage\":{\"@id\":\"https:\\\/\\\/digital.gov.mg\\\/2021\\\/07\\\/26\\\/dc-achat-des-appareils-electromenagers-et-des-ustensiles-de-cuisine-pour-lunite-de-coordination-des-projets-et-lunite-de-gouvernance-digitale\\\/\"},\"wordCount\":245,\"commentCount\":0,\"inLanguage\":\"en-US\",\"potentialAction\":[{\"@type\":\"CommentAction\",\"name\":\"Comment\",\"target\":[\"https:\\\/\\\/digital.gov.mg\\\/2021\\\/07\\\/26\\\/dc-achat-des-appareils-electromenagers-et-des-ustensiles-de-cuisine-pour-lunite-de-coordination-des-projets-et-lunite-de-gouvernance-digitale\\\/#respond\"]}]},{\"@type\":\"WebPage\",\"@id\":\"https:\\\/\\\/digital.gov.mg\\\/2021\\\/07\\\/26\\\/dc-achat-des-appareils-electromenagers-et-des-ustensiles-de-cuisine-pour-lunite-de-coordination-des-projets-et-lunite-de-gouvernance-digitale\\\/\",\"url\":\"https:\\\/\\\/digital.gov.mg\\\/2021\\\/07\\\/26\\\/dc-achat-des-appareils-electromenagers-et-des-ustensiles-de-cuisine-pour-lunite-de-coordination-des-projets-et-lunite-de-gouvernance-digitale\\\/\",\"name\":\"DC Achat des appareils \u00e9lectrom\u00e9nagers et des ustensiles de cuisine, pour l\u2019Unit\u00e9 de Coordination des Projets et l\u2019Unit\u00e9 de Gouvernance Digitale.\",\"isPartOf\":{\"@id\":\"https:\\\/\\\/digital.gov.mg\\\/#website\"},\"datePublished\":\"2021-07-26T14:53:05+00:00\",\"dateModified\":\"2021-07-30T15:51:44+00:00\",\"author\":{\"@id\":\"https:\\\/\\\/digital.gov.mg\\\/#\\\/schema\\\/person\\\/e0bfd7c501fa6d8ca7517987accbe996\"},\"breadcrumb\":{\"@id\":\"https:\\\/\\\/digital.gov.mg\\\/2021\\\/07\\\/26\\\/dc-achat-des-appareils-electromenagers-et-des-ustensiles-de-cuisine-pour-lunite-de-coordination-des-projets-et-lunite-de-gouvernance-digitale\\\/#breadcrumb\"},\"inLanguage\":\"en-US\",\"potentialAction\":[{\"@type\":\"ReadAction\",\"target\":[\"https:\\\/\\\/digital.gov.mg\\\/2021\\\/07\\\/26\\\/dc-achat-des-appareils-electromenagers-et-des-ustensiles-de-cuisine-pour-lunite-de-coordination-des-projets-et-lunite-de-gouvernance-digitale\\\/\"]}]},{\"@type\":\"BreadcrumbList\",\"@id\":\"https:\\\/\\\/digital.gov.mg\\\/2021\\\/07\\\/26\\\/dc-achat-des-appareils-electromenagers-et-des-ustensiles-de-cuisine-pour-lunite-de-coordination-des-projets-et-lunite-de-gouvernance-digitale\\\/#breadcrumb\",\"itemListElement\":[{\"@type\":\"ListItem\",\"position\":1,\"name\":\"Accueil\",\"item\":\"https:\\\/\\\/digital.gov.mg\\\/\"},{\"@type\":\"ListItem\",\"position\":2,\"name\":\"DC Achat des appareils \u00e9lectrom\u00e9nagers et des ustensiles de cuisine, pour l\u2019Unit\u00e9 de Coordination des Projets et l\u2019Unit\u00e9 de Gouvernance Digitale.\"}]},{\"@type\":\"WebSite\",\"@id\":\"https:\\\/\\\/digital.gov.mg\\\/#website\",\"url\":\"https:\\\/\\\/digital.gov.mg\\\/\",\"name\":\"Unit\u00e9 de Gouvernance Digitale\",\"description\":\"Solutions centr\u00e9es sur les besoins essentiels de la population\",\"potentialAction\":[{\"@type\":\"SearchAction\",\"target\":{\"@type\":\"EntryPoint\",\"urlTemplate\":\"https:\\\/\\\/digital.gov.mg\\\/?s={search_term_string}\"},\"query-input\":{\"@type\":\"PropertyValueSpecification\",\"valueRequired\":true,\"valueName\":\"search_term_string\"}}],\"inLanguage\":\"en-US\"},{\"@type\":\"Person\",\"@id\":\"https:\\\/\\\/digital.gov.mg\\\/#\\\/schema\\\/person\\\/e0bfd7c501fa6d8ca7517987accbe996\",\"name\":\"Administrateur\",\"image\":{\"@type\":\"ImageObject\",\"inLanguage\":\"en-US\",\"@id\":\"https:\\\/\\\/secure.gravatar.com\\\/avatar\\\/5338e346d511fbce6718839a5237db5740235b1514ca9a2cb6955fb58f80d533?s=96&d=mm&r=g\",\"url\":\"https:\\\/\\\/secure.gravatar.com\\\/avatar\\\/5338e346d511fbce6718839a5237db5740235b1514ca9a2cb6955fb58f80d533?s=96&d=mm&r=g\",\"contentUrl\":\"https:\\\/\\\/secure.gravatar.com\\\/avatar\\\/5338e346d511fbce6718839a5237db5740235b1514ca9a2cb6955fb58f80d533?s=96&d=mm&r=g\",\"caption\":\"Administrateur\"},\"url\":\"https:\\\/\\\/digital.gov.mg\\\/en\\\/author\\\/root3gm\\\/\"}]}<\/script>\n<!-- \/ Yoast SEO plugin. -->","yoast_head_json":{"title":"DC Achat des appareils \u00e9lectrom\u00e9nagers et des ustensiles de cuisine, pour l\u2019Unit\u00e9 de Coordination des Projets et l\u2019Unit\u00e9 de Gouvernance Digitale.","robots":{"index":"index","follow":"follow","max-snippet":"max-snippet:-1","max-image-preview":"max-image-preview:large","max-video-preview":"max-video-preview:-1"},"canonical":"https:\/\/digital.gov.mg\/en\/2021\/07\/26\/dc-achat-des-appareils-electromenagers-et-des-ustensiles-de-cuisine-pour-lunite-de-coordination-des-projets-et-lunite-de-gouvernance-digitale\/","og_locale":"en_US","og_type":"article","og_title":"[:fr]DC Achat des appareils \u00e9lectrom\u00e9nagers et des ustensiles de cuisine, pour l\u2019Unit\u00e9 de Coordination des Projets et l\u2019Unit\u00e9 de Gouvernance Digitale.[:] - Unit\u00e9 de Gouvernance Digitale","og_description":"Objet : Achat des appareils \u00e9lectrom\u00e9nagers et des ustensiles de cuisine, pour l\u2019Unit\u00e9 de Coordination des Projets et l\u2019Unit\u00e9 de Gouvernance Digitale.DEMANDE DE COTATION N\u00b0 040\/2021-DC\/PRODIGY Dans le cadre de la r\u00e9alisation des activit\u00e9s du Projet de Gouvernance Digitale et de Gestion de l\u2019Identit\u00e9 Malagasy, pr\u00e9voit un achat des appareils \u00e9lectrom\u00e9nagers et des ustensiles de [&hellip;]","og_url":"https:\/\/digital.gov.mg\/en\/2021\/07\/26\/dc-achat-des-appareils-electromenagers-et-des-ustensiles-de-cuisine-pour-lunite-de-coordination-des-projets-et-lunite-de-gouvernance-digitale\/","og_site_name":"Unit\u00e9 de Gouvernance Digitale","article_published_time":"2021-07-26T14:53:05+00:00","article_modified_time":"2021-07-30T15:51:44+00:00","author":"Administrateur","twitter_card":"summary_large_image","twitter_misc":{"Written by":"Administrateur","Est. reading time":"1 minute"},"schema":{"@context":"https:\/\/schema.org","@graph":[{"@type":"Article","@id":"https:\/\/digital.gov.mg\/2021\/07\/26\/dc-achat-des-appareils-electromenagers-et-des-ustensiles-de-cuisine-pour-lunite-de-coordination-des-projets-et-lunite-de-gouvernance-digitale\/#article","isPartOf":{"@id":"https:\/\/digital.gov.mg\/2021\/07\/26\/dc-achat-des-appareils-electromenagers-et-des-ustensiles-de-cuisine-pour-lunite-de-coordination-des-projets-et-lunite-de-gouvernance-digitale\/"},"author":{"name":"Administrateur","@id":"https:\/\/digital.gov.mg\/#\/schema\/person\/e0bfd7c501fa6d8ca7517987accbe996"},"headline":"DC Achat des appareils \u00e9lectrom\u00e9nagers et des ustensiles de cuisine, pour l\u2019Unit\u00e9 de Coordination des Projets et l\u2019Unit\u00e9 de Gouvernance Digitale.","datePublished":"2021-07-26T14:53:05+00:00","dateModified":"2021-07-30T15:51:44+00:00","mainEntityOfPage":{"@id":"https:\/\/digital.gov.mg\/2021\/07\/26\/dc-achat-des-appareils-electromenagers-et-des-ustensiles-de-cuisine-pour-lunite-de-coordination-des-projets-et-lunite-de-gouvernance-digitale\/"},"wordCount":245,"commentCount":0,"inLanguage":"en-US","potentialAction":[{"@type":"CommentAction","name":"Comment","target":["https:\/\/digital.gov.mg\/2021\/07\/26\/dc-achat-des-appareils-electromenagers-et-des-ustensiles-de-cuisine-pour-lunite-de-coordination-des-projets-et-lunite-de-gouvernance-digitale\/#respond"]}]},{"@type":"WebPage","@id":"https:\/\/digital.gov.mg\/2021\/07\/26\/dc-achat-des-appareils-electromenagers-et-des-ustensiles-de-cuisine-pour-lunite-de-coordination-des-projets-et-lunite-de-gouvernance-digitale\/","url":"https:\/\/digital.gov.mg\/2021\/07\/26\/dc-achat-des-appareils-electromenagers-et-des-ustensiles-de-cuisine-pour-lunite-de-coordination-des-projets-et-lunite-de-gouvernance-digitale\/","name":"DC Achat des appareils \u00e9lectrom\u00e9nagers et des ustensiles de cuisine, pour l\u2019Unit\u00e9 de Coordination des Projets et l\u2019Unit\u00e9 de Gouvernance Digitale.","isPartOf":{"@id":"https:\/\/digital.gov.mg\/#website"},"datePublished":"2021-07-26T14:53:05+00:00","dateModified":"2021-07-30T15:51:44+00:00","author":{"@id":"https:\/\/digital.gov.mg\/#\/schema\/person\/e0bfd7c501fa6d8ca7517987accbe996"},"breadcrumb":{"@id":"https:\/\/digital.gov.mg\/2021\/07\/26\/dc-achat-des-appareils-electromenagers-et-des-ustensiles-de-cuisine-pour-lunite-de-coordination-des-projets-et-lunite-de-gouvernance-digitale\/#breadcrumb"},"inLanguage":"en-US","potentialAction":[{"@type":"ReadAction","target":["https:\/\/digital.gov.mg\/2021\/07\/26\/dc-achat-des-appareils-electromenagers-et-des-ustensiles-de-cuisine-pour-lunite-de-coordination-des-projets-et-lunite-de-gouvernance-digitale\/"]}]},{"@type":"BreadcrumbList","@id":"https:\/\/digital.gov.mg\/2021\/07\/26\/dc-achat-des-appareils-electromenagers-et-des-ustensiles-de-cuisine-pour-lunite-de-coordination-des-projets-et-lunite-de-gouvernance-digitale\/#breadcrumb","itemListElement":[{"@type":"ListItem","position":1,"name":"Accueil","item":"https:\/\/digital.gov.mg\/"},{"@type":"ListItem","position":2,"name":"DC Achat des appareils \u00e9lectrom\u00e9nagers et des ustensiles de cuisine, pour l\u2019Unit\u00e9 de Coordination des Projets et l\u2019Unit\u00e9 de Gouvernance Digitale."}]},{"@type":"WebSite","@id":"https:\/\/digital.gov.mg\/#website","url":"https:\/\/digital.gov.mg\/","name":"Unit\u00e9 de Gouvernance Digitale","description":"Solutions centr\u00e9es sur les besoins essentiels de la population","potentialAction":[{"@type":"SearchAction","target":{"@type":"EntryPoint","urlTemplate":"https:\/\/digital.gov.mg\/?s={search_term_string}"},"query-input":{"@type":"PropertyValueSpecification","valueRequired":true,"valueName":"search_term_string"}}],"inLanguage":"en-US"},{"@type":"Person","@id":"https:\/\/digital.gov.mg\/#\/schema\/person\/e0bfd7c501fa6d8ca7517987accbe996","name":"Administrateur","image":{"@type":"ImageObject","inLanguage":"en-US","@id":"https:\/\/secure.gravatar.com\/avatar\/5338e346d511fbce6718839a5237db5740235b1514ca9a2cb6955fb58f80d533?s=96&d=mm&r=g","url":"https:\/\/secure.gravatar.com\/avatar\/5338e346d511fbce6718839a5237db5740235b1514ca9a2cb6955fb58f80d533?s=96&d=mm&r=g","contentUrl":"https:\/\/secure.gravatar.com\/avatar\/5338e346d511fbce6718839a5237db5740235b1514ca9a2cb6955fb58f80d533?s=96&d=mm&r=g","caption":"Administrateur"},"url":"https:\/\/digital.gov.mg\/en\/author\/root3gm\/"}]}},"_links":{"self":[{"href":"https:\/\/digital.gov.mg\/en\/wp-json\/wp\/v2\/posts\/1991","targetHints":{"allow":["GET"]}}],"collection":[{"href":"https:\/\/digital.gov.mg\/en\/wp-json\/wp\/v2\/posts"}],"about":[{"href":"https:\/\/digital.gov.mg\/en\/wp-json\/wp\/v2\/types\/post"}],"author":[{"embeddable":true,"href":"https:\/\/digital.gov.mg\/en\/wp-json\/wp\/v2\/users\/1"}],"replies":[{"embeddable":true,"href":"https:\/\/digital.gov.mg\/en\/wp-json\/wp\/v2\/comments?post=1991"}],"version-history":[{"count":7,"href":"https:\/\/digital.gov.mg\/en\/wp-json\/wp\/v2\/posts\/1991\/revisions"}],"predecessor-version":[{"id":2004,"href":"https:\/\/digital.gov.mg\/en\/wp-json\/wp\/v2\/posts\/1991\/revisions\/2004"}],"wp:attachment":[{"href":"https:\/\/digital.gov.mg\/en\/wp-json\/wp\/v2\/media?parent=1991"}],"wp:term":[{"taxonomy":"category","embeddable":true,"href":"https:\/\/digital.gov.mg\/en\/wp-json\/wp\/v2\/categories?post=1991"},{"taxonomy":"post_tag","embeddable":true,"href":"https:\/\/digital.gov.mg\/en\/wp-json\/wp\/v2\/tags?post=1991"}],"curies":[{"name":"wp","href":"https:\/\/api.w.org\/{rel}","templated":true}]}}