{"id":3475,"date":"2022-12-13T15:07:17","date_gmt":"2022-12-13T14:07:17","guid":{"rendered":"https:\/\/digital.gov.mg\/?p=3475"},"modified":"2022-12-13T15:07:17","modified_gmt":"2022-12-13T14:07:17","slug":"ami-n026-22-prodigy-recrutement-dune-assistante-technique-specialiste-en-gestion-de-projet-aupres-du-ministere-de-la-justice","status":"publish","type":"post","link":"https:\/\/digital.gov.mg\/en\/2022\/12\/13\/ami-n026-22-prodigy-recrutement-dune-assistante-technique-specialiste-en-gestion-de-projet-aupres-du-ministere-de-la-justice\/","title":{"rendered":"AMI N\u00b0026\/22\/PRODIGY : Recrutement d&#8217;un(e) Assistant(e) Technique sp\u00e9cialiste en Gestion de Projet aupr\u00e8s du Minist\u00e8re de la Justice"},"content":{"rendered":"","protected":false},"excerpt":{"rendered":"","protected":false},"author":9,"featured_media":0,"comment_status":"open","ping_status":"open","sticky":false,"template":"","format":"standard","meta":{"_acf_changed":false,"footnotes":""},"categories":[],"tags":[],"class_list":["post-3475","post","type-post","status-publish","format-standard","hentry"],"acf":[],"yoast_head":"<!-- This site is optimized with the Yoast SEO plugin v27.5 - https:\/\/yoast.com\/product\/yoast-seo-wordpress\/ -->\n<title>AMI N\u00b0026\/22\/PRODIGY : Recrutement d&#039;un(e) Assistant(e) Technique sp\u00e9cialiste en Gestion de Projet aupr\u00e8s du Minist\u00e8re de la Justice<\/title>\n<meta name=\"robots\" content=\"index, follow, max-snippet:-1, max-image-preview:large, max-video-preview:-1\" \/>\n<link rel=\"canonical\" href=\"https:\/\/digital.gov.mg\/en\/2022\/12\/13\/ami-n026-22-prodigy-recrutement-dune-assistante-technique-specialiste-en-gestion-de-projet-aupres-du-ministere-de-la-justice\/\" \/>\n<meta property=\"og:locale\" content=\"en_US\" \/>\n<meta property=\"og:locale:alternate\" content=\"Madagascar\" \/>\n<meta property=\"og:locale:alternate\" content=\"fr_FR\" \/>\n<meta property=\"og:type\" content=\"article\" \/>\n<meta property=\"og:title\" content=\"AMI N\u00b0026\/22\/PRODIGY : Recrutement d&#039;un(e) Assistant(e) Technique sp\u00e9cialiste en Gestion de Projet aupr\u00e8s du Minist\u00e8re de la Justice\" \/>\n<meta property=\"og:url\" content=\"https:\/\/digital.gov.mg\/en\/2022\/12\/13\/ami-n026-22-prodigy-recrutement-dune-assistante-technique-specialiste-en-gestion-de-projet-aupres-du-ministere-de-la-justice\/\" \/>\n<meta property=\"og:site_name\" content=\"Unit\u00e9 de Gouvernance Digitale\" \/>\n<meta property=\"article:published_time\" content=\"2022-12-13T14:07:17+00:00\" \/>\n<meta name=\"author\" content=\"Dera UCP\" \/>\n<meta name=\"twitter:card\" content=\"summary_large_image\" \/>\n<meta name=\"twitter:label1\" content=\"Written by\" \/>\n\t<meta name=\"twitter:data1\" content=\"Dera UCP\" \/>\n<script type=\"application\/ld+json\" class=\"yoast-schema-graph\">{\"@context\":\"https:\\\/\\\/schema.org\",\"@graph\":[{\"@type\":\"Article\",\"@id\":\"https:\\\/\\\/digital.gov.mg\\\/mg\\\/2022\\\/12\\\/13\\\/ami-n026-22-prodigy-recrutement-dune-assistante-technique-specialiste-en-gestion-de-projet-aupres-du-ministere-de-la-justice\\\/#article\",\"isPartOf\":{\"@id\":\"https:\\\/\\\/digital.gov.mg\\\/mg\\\/2022\\\/12\\\/13\\\/ami-n026-22-prodigy-recrutement-dune-assistante-technique-specialiste-en-gestion-de-projet-aupres-du-ministere-de-la-justice\\\/\"},\"author\":{\"name\":\"Dera UCP\",\"@id\":\"https:\\\/\\\/digital.gov.mg\\\/#\\\/schema\\\/person\\\/0b30ed63d2b41c41c2282bfe825f9ff3\"},\"headline\":\"AMI N\u00b0026\\\/22\\\/PRODIGY : Recrutement d&#8217;un(e) Assistant(e) Technique sp\u00e9cialiste en Gestion de Projet aupr\u00e8s du Minist\u00e8re de la Justice\",\"datePublished\":\"2022-12-13T14:07:17+00:00\",\"mainEntityOfPage\":{\"@id\":\"https:\\\/\\\/digital.gov.mg\\\/mg\\\/2022\\\/12\\\/13\\\/ami-n026-22-prodigy-recrutement-dune-assistante-technique-specialiste-en-gestion-de-projet-aupres-du-ministere-de-la-justice\\\/\"},\"wordCount\":25,\"commentCount\":0,\"inLanguage\":\"en-US\",\"potentialAction\":[{\"@type\":\"CommentAction\",\"name\":\"Comment\",\"target\":[\"https:\\\/\\\/digital.gov.mg\\\/mg\\\/2022\\\/12\\\/13\\\/ami-n026-22-prodigy-recrutement-dune-assistante-technique-specialiste-en-gestion-de-projet-aupres-du-ministere-de-la-justice\\\/#respond\"]}]},{\"@type\":\"WebPage\",\"@id\":\"https:\\\/\\\/digital.gov.mg\\\/mg\\\/2022\\\/12\\\/13\\\/ami-n026-22-prodigy-recrutement-dune-assistante-technique-specialiste-en-gestion-de-projet-aupres-du-ministere-de-la-justice\\\/\",\"url\":\"https:\\\/\\\/digital.gov.mg\\\/mg\\\/2022\\\/12\\\/13\\\/ami-n026-22-prodigy-recrutement-dune-assistante-technique-specialiste-en-gestion-de-projet-aupres-du-ministere-de-la-justice\\\/\",\"name\":\"AMI N\u00b0026\\\/22\\\/PRODIGY : Recrutement d'un(e) Assistant(e) Technique sp\u00e9cialiste en Gestion de Projet aupr\u00e8s du Minist\u00e8re de la Justice\",\"isPartOf\":{\"@id\":\"https:\\\/\\\/digital.gov.mg\\\/#website\"},\"datePublished\":\"2022-12-13T14:07:17+00:00\",\"author\":{\"@id\":\"https:\\\/\\\/digital.gov.mg\\\/#\\\/schema\\\/person\\\/0b30ed63d2b41c41c2282bfe825f9ff3\"},\"breadcrumb\":{\"@id\":\"https:\\\/\\\/digital.gov.mg\\\/mg\\\/2022\\\/12\\\/13\\\/ami-n026-22-prodigy-recrutement-dune-assistante-technique-specialiste-en-gestion-de-projet-aupres-du-ministere-de-la-justice\\\/#breadcrumb\"},\"inLanguage\":\"en-US\",\"potentialAction\":[{\"@type\":\"ReadAction\",\"target\":[\"https:\\\/\\\/digital.gov.mg\\\/mg\\\/2022\\\/12\\\/13\\\/ami-n026-22-prodigy-recrutement-dune-assistante-technique-specialiste-en-gestion-de-projet-aupres-du-ministere-de-la-justice\\\/\"]}]},{\"@type\":\"BreadcrumbList\",\"@id\":\"https:\\\/\\\/digital.gov.mg\\\/mg\\\/2022\\\/12\\\/13\\\/ami-n026-22-prodigy-recrutement-dune-assistante-technique-specialiste-en-gestion-de-projet-aupres-du-ministere-de-la-justice\\\/#breadcrumb\",\"itemListElement\":[{\"@type\":\"ListItem\",\"position\":1,\"name\":\"Accueil\",\"item\":\"https:\\\/\\\/digital.gov.mg\\\/\"},{\"@type\":\"ListItem\",\"position\":2,\"name\":\"AMI N\u00b0026\\\/22\\\/PRODIGY : Recrutement d&rsquo;un(e) Assistant(e) Technique sp\u00e9cialiste en Gestion de Projet aupr\u00e8s du Minist\u00e8re de la Justice\"}]},{\"@type\":\"WebSite\",\"@id\":\"https:\\\/\\\/digital.gov.mg\\\/#website\",\"url\":\"https:\\\/\\\/digital.gov.mg\\\/\",\"name\":\"Unit\u00e9 de Gouvernance Digitale\",\"description\":\"Solutions centr\u00e9es sur les besoins essentiels de la population\",\"potentialAction\":[{\"@type\":\"SearchAction\",\"target\":{\"@type\":\"EntryPoint\",\"urlTemplate\":\"https:\\\/\\\/digital.gov.mg\\\/?s={search_term_string}\"},\"query-input\":{\"@type\":\"PropertyValueSpecification\",\"valueRequired\":true,\"valueName\":\"search_term_string\"}}],\"inLanguage\":\"en-US\"},{\"@type\":\"Person\",\"@id\":\"https:\\\/\\\/digital.gov.mg\\\/#\\\/schema\\\/person\\\/0b30ed63d2b41c41c2282bfe825f9ff3\",\"name\":\"Dera UCP\",\"image\":{\"@type\":\"ImageObject\",\"inLanguage\":\"en-US\",\"@id\":\"https:\\\/\\\/secure.gravatar.com\\\/avatar\\\/320e7bd836c26dffa39b81a2a31cff6f8afc996cc370f2015e7d6be63a5d1700?s=96&d=mm&r=g\",\"url\":\"https:\\\/\\\/secure.gravatar.com\\\/avatar\\\/320e7bd836c26dffa39b81a2a31cff6f8afc996cc370f2015e7d6be63a5d1700?s=96&d=mm&r=g\",\"contentUrl\":\"https:\\\/\\\/secure.gravatar.com\\\/avatar\\\/320e7bd836c26dffa39b81a2a31cff6f8afc996cc370f2015e7d6be63a5d1700?s=96&d=mm&r=g\",\"caption\":\"Dera UCP\"},\"sameAs\":[\"http:\\\/\\\/prodigy.gov.mg\\\/\"],\"url\":\"https:\\\/\\\/digital.gov.mg\\\/en\\\/author\\\/apm3prodigy-gov-mg\\\/\"}]}<\/script>\n<!-- \/ Yoast SEO plugin. -->","yoast_head_json":{"title":"AMI N\u00b0026\/22\/PRODIGY : Recrutement d'un(e) Assistant(e) Technique sp\u00e9cialiste en Gestion de Projet aupr\u00e8s du Minist\u00e8re de la Justice","robots":{"index":"index","follow":"follow","max-snippet":"max-snippet:-1","max-image-preview":"max-image-preview:large","max-video-preview":"max-video-preview:-1"},"canonical":"https:\/\/digital.gov.mg\/en\/2022\/12\/13\/ami-n026-22-prodigy-recrutement-dune-assistante-technique-specialiste-en-gestion-de-projet-aupres-du-ministere-de-la-justice\/","og_locale":"en_US","og_type":"article","og_title":"[:fr]AMI N\u00b0026\/22\/PRODIGY : Recrutement d'un(e) Assistant(e) Technique sp\u00e9cialiste en Gestion de Projet aupr\u00e8s du Minist\u00e8re de la Justice[:] - Unit\u00e9 de Gouvernance Digitale","og_url":"https:\/\/digital.gov.mg\/en\/2022\/12\/13\/ami-n026-22-prodigy-recrutement-dune-assistante-technique-specialiste-en-gestion-de-projet-aupres-du-ministere-de-la-justice\/","og_site_name":"Unit\u00e9 de Gouvernance Digitale","article_published_time":"2022-12-13T14:07:17+00:00","author":"Dera UCP","twitter_card":"summary_large_image","twitter_misc":{"Written by":"Dera UCP"},"schema":{"@context":"https:\/\/schema.org","@graph":[{"@type":"Article","@id":"https:\/\/digital.gov.mg\/mg\/2022\/12\/13\/ami-n026-22-prodigy-recrutement-dune-assistante-technique-specialiste-en-gestion-de-projet-aupres-du-ministere-de-la-justice\/#article","isPartOf":{"@id":"https:\/\/digital.gov.mg\/mg\/2022\/12\/13\/ami-n026-22-prodigy-recrutement-dune-assistante-technique-specialiste-en-gestion-de-projet-aupres-du-ministere-de-la-justice\/"},"author":{"name":"Dera UCP","@id":"https:\/\/digital.gov.mg\/#\/schema\/person\/0b30ed63d2b41c41c2282bfe825f9ff3"},"headline":"AMI N\u00b0026\/22\/PRODIGY : Recrutement d&#8217;un(e) Assistant(e) Technique sp\u00e9cialiste en Gestion de Projet aupr\u00e8s du Minist\u00e8re de la Justice","datePublished":"2022-12-13T14:07:17+00:00","mainEntityOfPage":{"@id":"https:\/\/digital.gov.mg\/mg\/2022\/12\/13\/ami-n026-22-prodigy-recrutement-dune-assistante-technique-specialiste-en-gestion-de-projet-aupres-du-ministere-de-la-justice\/"},"wordCount":25,"commentCount":0,"inLanguage":"en-US","potentialAction":[{"@type":"CommentAction","name":"Comment","target":["https:\/\/digital.gov.mg\/mg\/2022\/12\/13\/ami-n026-22-prodigy-recrutement-dune-assistante-technique-specialiste-en-gestion-de-projet-aupres-du-ministere-de-la-justice\/#respond"]}]},{"@type":"WebPage","@id":"https:\/\/digital.gov.mg\/mg\/2022\/12\/13\/ami-n026-22-prodigy-recrutement-dune-assistante-technique-specialiste-en-gestion-de-projet-aupres-du-ministere-de-la-justice\/","url":"https:\/\/digital.gov.mg\/mg\/2022\/12\/13\/ami-n026-22-prodigy-recrutement-dune-assistante-technique-specialiste-en-gestion-de-projet-aupres-du-ministere-de-la-justice\/","name":"AMI N\u00b0026\/22\/PRODIGY : Recrutement d'un(e) Assistant(e) Technique sp\u00e9cialiste en Gestion de Projet aupr\u00e8s du Minist\u00e8re de la Justice","isPartOf":{"@id":"https:\/\/digital.gov.mg\/#website"},"datePublished":"2022-12-13T14:07:17+00:00","author":{"@id":"https:\/\/digital.gov.mg\/#\/schema\/person\/0b30ed63d2b41c41c2282bfe825f9ff3"},"breadcrumb":{"@id":"https:\/\/digital.gov.mg\/mg\/2022\/12\/13\/ami-n026-22-prodigy-recrutement-dune-assistante-technique-specialiste-en-gestion-de-projet-aupres-du-ministere-de-la-justice\/#breadcrumb"},"inLanguage":"en-US","potentialAction":[{"@type":"ReadAction","target":["https:\/\/digital.gov.mg\/mg\/2022\/12\/13\/ami-n026-22-prodigy-recrutement-dune-assistante-technique-specialiste-en-gestion-de-projet-aupres-du-ministere-de-la-justice\/"]}]},{"@type":"BreadcrumbList","@id":"https:\/\/digital.gov.mg\/mg\/2022\/12\/13\/ami-n026-22-prodigy-recrutement-dune-assistante-technique-specialiste-en-gestion-de-projet-aupres-du-ministere-de-la-justice\/#breadcrumb","itemListElement":[{"@type":"ListItem","position":1,"name":"Accueil","item":"https:\/\/digital.gov.mg\/"},{"@type":"ListItem","position":2,"name":"AMI N\u00b0026\/22\/PRODIGY : Recrutement d&rsquo;un(e) Assistant(e) Technique sp\u00e9cialiste en Gestion de Projet aupr\u00e8s du Minist\u00e8re de la Justice"}]},{"@type":"WebSite","@id":"https:\/\/digital.gov.mg\/#website","url":"https:\/\/digital.gov.mg\/","name":"Unit\u00e9 de Gouvernance Digitale","description":"Solutions centr\u00e9es sur les besoins essentiels de la population","potentialAction":[{"@type":"SearchAction","target":{"@type":"EntryPoint","urlTemplate":"https:\/\/digital.gov.mg\/?s={search_term_string}"},"query-input":{"@type":"PropertyValueSpecification","valueRequired":true,"valueName":"search_term_string"}}],"inLanguage":"en-US"},{"@type":"Person","@id":"https:\/\/digital.gov.mg\/#\/schema\/person\/0b30ed63d2b41c41c2282bfe825f9ff3","name":"Dera UCP","image":{"@type":"ImageObject","inLanguage":"en-US","@id":"https:\/\/secure.gravatar.com\/avatar\/320e7bd836c26dffa39b81a2a31cff6f8afc996cc370f2015e7d6be63a5d1700?s=96&d=mm&r=g","url":"https:\/\/secure.gravatar.com\/avatar\/320e7bd836c26dffa39b81a2a31cff6f8afc996cc370f2015e7d6be63a5d1700?s=96&d=mm&r=g","contentUrl":"https:\/\/secure.gravatar.com\/avatar\/320e7bd836c26dffa39b81a2a31cff6f8afc996cc370f2015e7d6be63a5d1700?s=96&d=mm&r=g","caption":"Dera UCP"},"sameAs":["http:\/\/prodigy.gov.mg\/"],"url":"https:\/\/digital.gov.mg\/en\/author\/apm3prodigy-gov-mg\/"}]}},"_links":{"self":[{"href":"https:\/\/digital.gov.mg\/en\/wp-json\/wp\/v2\/posts\/3475","targetHints":{"allow":["GET"]}}],"collection":[{"href":"https:\/\/digital.gov.mg\/en\/wp-json\/wp\/v2\/posts"}],"about":[{"href":"https:\/\/digital.gov.mg\/en\/wp-json\/wp\/v2\/types\/post"}],"author":[{"embeddable":true,"href":"https:\/\/digital.gov.mg\/en\/wp-json\/wp\/v2\/users\/9"}],"replies":[{"embeddable":true,"href":"https:\/\/digital.gov.mg\/en\/wp-json\/wp\/v2\/comments?post=3475"}],"version-history":[{"count":2,"href":"https:\/\/digital.gov.mg\/en\/wp-json\/wp\/v2\/posts\/3475\/revisions"}],"predecessor-version":[{"id":3479,"href":"https:\/\/digital.gov.mg\/en\/wp-json\/wp\/v2\/posts\/3475\/revisions\/3479"}],"wp:attachment":[{"href":"https:\/\/digital.gov.mg\/en\/wp-json\/wp\/v2\/media?parent=3475"}],"wp:term":[{"taxonomy":"category","embeddable":true,"href":"https:\/\/digital.gov.mg\/en\/wp-json\/wp\/v2\/categories?post=3475"},{"taxonomy":"post_tag","embeddable":true,"href":"https:\/\/digital.gov.mg\/en\/wp-json\/wp\/v2\/tags?post=3475"}],"curies":[{"name":"wp","href":"https:\/\/api.w.org\/{rel}","templated":true}]}}