{"id":855,"date":"2020-08-26T15:19:08","date_gmt":"2020-08-26T13:19:08","guid":{"rendered":"https:\/\/digital.gov.mg\/?p=855"},"modified":"2020-09-09T09:00:12","modified_gmt":"2020-09-09T07:00:12","slug":"appel-a-manifestation-dinteret-international","status":"publish","type":"post","link":"https:\/\/digital.gov.mg\/en\/2020\/08\/26\/appel-a-manifestation-dinteret-international\/","title":{"rendered":"APPEL A MANIFESTATION D\u2019INTERET INTERNATIONAL AMI N\u00b004\/PRODIGY-2020"},"content":{"rendered":"\n<p><strong>RECRUTEMENT D\u2019UNE FIRME POUR ASSURER L\u2019ASSISTANCE TECHNIQUE DANS LE CADRE DE L\u2019\u00c9LABORATION D\u2019UNE NOUVELLE STRUCTURE ET LA D\u00c9FINITION D\u2019UN MOD\u00c8LE DE GESTION POUR LE SYST\u00c8ME DE GESTION DE L\u2019IDENTIT\u00c9 \u00c0 MADAGASCAR<\/strong><\/p>\n\n\n\n<p><strong>AMI N\u00b004\/PRODIGY-2020<\/strong><\/p>\n\n\n\n<p>1. Le <strong>Gouvernement de la R\u00e9publique de Madagascar<\/strong> a re\u00e7u un financement de l\u2019Association Internationale de d\u00e9veloppement (IDA) dans le cadre du<strong> PROjet de Gouvernance Digitale et de Gestion de l\u2019identit\u00e9 des MalagasY (PRODIGY)<\/strong>, et a l\u2019intention d\u2019utiliser une partie du montant de ce fonds pour effectuer les paiements autoris\u00e9s au titre du contrat d\u2019une firme pour assurer l\u2019Assistance Technique dans le cadre de l\u2019<strong>\u00e9laboration d\u2019une nouvelle structure et la d\u00e9finition d\u2019un mod\u00e8le de gestion pour le syst\u00e8me de gestion de l\u2019identit\u00e9 \u00e0 Madagascar.<\/strong><\/p>\n\n\n\n<p>2. L\u2019objectif de la mission est d\u2019accompagner le gouvernement dans l\u2019op\u00e9rationnalisation de la r\u00e9forme \u00e0 travers une assistance technique int\u00e9gr\u00e9e autour des t\u00e2ches cl\u00e9s de conceptualisation, d\u2019\u00e9valuation, de r\u00e9ing\u00e9nieries et d\u2019accompagnement \u00e0 la mise en \u0153uvre, de d\u00e9velopper et d\u2019op\u00e9rationnaliser la feuille de route de la r\u00e9forme.<\/p>\n\n\n\n<p>3. Le mandat sera confi\u00e9 \u00e0 un consortium de consultants capable de mobiliser un mix de comp\u00e9tences locales et internationales autour des principes agiles et de l\u2019exp\u00e9rience utilisateur dans un environnement \u00e0 forte fragilit\u00e9 en termes d\u2019organisation, l\u00e9gislation, gestion financi\u00e8re, gestion du changement, technologie de l\u2019information, transformation digitale, anthropologie sociale, innovation.<\/p>\n\n\n\n<p>4. L&#8217;Unit\u00e9 de Coordination des Projets (UCP) invite les firmes int\u00e9ress\u00e9es \u00e0 manifester leur int\u00e9r\u00eat pour la r\u00e9alisation des services d\u00e9crits ci-dessus.<\/p>\n\n\n\n<p>5. Le Consultant sera s\u00e9lectionn\u00e9 suivant la <strong>m\u00e9thode \u00ab S\u00e9lection de consultants Fond\u00e9e sur la Qualit\u00e9 et le Co\u00fbt (SFQC)<\/strong> conform\u00e9ment aux proc\u00e9dures d\u00e9finies dans le R\u00e8glement de Passation des March\u00e9s pour les Emprunteurs sollicitant le Financement de Projets d&#8217;Investissement (FPI), publi\u00e9 par la Banque Mondiale &#8211; version Juillet 2016.<\/p>\n\n\n\n<p>6. Les firmes int\u00e9ress\u00e9es peuvent obtenir des informations suppl\u00e9mentaires, y compris les Termes de R\u00e9f\u00e9rence, \u00e0 l\u2019adresse (8) ci-dessous de neuf heures (09h00mn) \u00e0 seize heures (16h00mn).<\/p>\n\n\n\n<p>7. La firme doit fournir les informations, justifiant qu\u2019elle est en mesure d\u2019ex\u00e9cuter les prestations suivant les Termes de R\u00e9f\u00e9rence et les documents list\u00e9s ci-apr\u00e8s :<\/p>\n\n\n\n<ul class=\"wp-block-list\"><li>Lettre de manifestation d\u2019int\u00e9r\u00eat mentionnant l\u2019objet de la prestation&nbsp;;<\/li><li>Documents justifiant la preuve de leur existence juridique&nbsp;;<\/li><li>Description des exp\u00e9riences g\u00e9n\u00e9rales&nbsp;;<\/li><li>Description d\u00e9taill\u00e9e des prestations similaires&nbsp;;<\/li><li>Capacit\u00e9 de gestion et d\u2019organisation appropri\u00e9e pour la mission&nbsp;;<\/li><li>Liste des membres du personnel-cl\u00e9 propos\u00e9 tel que requis dans les Termes de R\u00e9f\u00e9rence&nbsp;;<\/li><li>Toutes informations jug\u00e9es pertinentes pour appr\u00e9cier la qualit\u00e9 de la firme avec les justifications y aff\u00e9rentes.<\/li><\/ul>\n\n\n\n<p>8. Les<strong> dossiers de manifestations d\u2019int\u00e9r\u00eat seront adress\u00e9s \u00e0 Madame le Coordonnateur de Projet<\/strong> et envoy\u00e9s aux adresses suivantes :<\/p>\n\n\n\n<p>Adresse : Villa Lot II M 85 ter Antsakaviro, Antananarivo 101<\/p>\n\n\n\n<p>Courriel&nbsp;: <a href=\"mailto:coordonnateur@digital.gov.mg\">coordonnateur@digital.gov.mg<\/a>&nbsp; et <a href=\"mailto:rpm.papsp@gmail.com\">rpm@digital.gov.mg<\/a> ; copie : <a href=\"mailto:apm2@digital.gov.mg\">apm2@digital.gov.mg<\/a> au plus tard le <strong>Mardi 08 septembre 2020 \u00e0 12 heures.<\/strong><\/p>\n\n\n\n<p>Version imprim\u00e9e : <a href=\"https:\/\/digital.gov.mg\/wp-content\/uploads\/2020\/08\/AMI-N_04-PPA102-Etat-Civil.pdf\" target=\"_blank\" rel=\"noreferrer noopener\">AMI N_04 PPA102 Etat Civil<\/a><\/p>\n","protected":false},"excerpt":{"rendered":"<p>RECRUTEMENT D\u2019UNE FIRME POUR ASSURER L\u2019ASSISTANCE TECHNIQUE DANS LE CADRE DE L\u2019\u00c9LABORATION D\u2019UNE NOUVELLE STRUCTURE ET LA D\u00c9FINITION D\u2019UN MOD\u00c8LE DE GESTION POUR LE SYST\u00c8ME DE GESTION DE L\u2019IDENTIT\u00c9 \u00c0 MADAGASCAR AMI N\u00b004\/PRODIGY-2020 1. Le Gouvernement de la R\u00e9publique de Madagascar a re\u00e7u un financement de l\u2019Association Internationale de d\u00e9veloppement (IDA) dans le cadre du [&hellip;]<\/p>\n","protected":false},"author":1,"featured_media":0,"comment_status":"open","ping_status":"open","sticky":false,"template":"","format":"standard","meta":{"_acf_changed":false,"footnotes":""},"categories":[29],"tags":[],"class_list":["post-855","post","type-post","status-publish","format-standard","hentry","category-ao"],"acf":[],"yoast_head":"<!-- This site is optimized with the Yoast SEO plugin v27.5 - https:\/\/yoast.com\/product\/yoast-seo-wordpress\/ -->\n<title>APPEL A MANIFESTATION D\u2019INTERET INTERNATIONAL AMI N\u00b004\/PRODIGY-2020 - Unit\u00e9 de Gouvernance Digitale<\/title>\n<meta name=\"robots\" content=\"index, follow, max-snippet:-1, max-image-preview:large, max-video-preview:-1\" \/>\n<link rel=\"canonical\" href=\"https:\/\/digital.gov.mg\/en\/2020\/08\/26\/appel-a-manifestation-dinteret-international\/\" \/>\n<meta property=\"og:locale\" content=\"en_US\" \/>\n<meta property=\"og:locale:alternate\" content=\"Madagascar\" \/>\n<meta property=\"og:locale:alternate\" content=\"fr_FR\" \/>\n<meta property=\"og:type\" content=\"article\" \/>\n<meta property=\"og:title\" content=\"APPEL A MANIFESTATION D\u2019INTERET INTERNATIONAL AMI N\u00b004\/PRODIGY-2020 - Unit\u00e9 de Gouvernance Digitale\" \/>\n<meta property=\"og:description\" content=\"RECRUTEMENT D\u2019UNE FIRME POUR ASSURER L\u2019ASSISTANCE TECHNIQUE DANS LE CADRE DE L\u2019\u00c9LABORATION D\u2019UNE NOUVELLE STRUCTURE ET LA D\u00c9FINITION D\u2019UN MOD\u00c8LE DE GESTION POUR LE SYST\u00c8ME DE GESTION DE L\u2019IDENTIT\u00c9 \u00c0 MADAGASCAR AMI N\u00b004\/PRODIGY-2020 1. Le Gouvernement de la R\u00e9publique de Madagascar a re\u00e7u un financement de l\u2019Association Internationale de d\u00e9veloppement (IDA) dans le cadre du [&hellip;]\" \/>\n<meta property=\"og:url\" content=\"https:\/\/digital.gov.mg\/en\/2020\/08\/26\/appel-a-manifestation-dinteret-international\/\" \/>\n<meta property=\"og:site_name\" content=\"Unit\u00e9 de Gouvernance Digitale\" \/>\n<meta property=\"article:published_time\" content=\"2020-08-26T13:19:08+00:00\" \/>\n<meta property=\"article:modified_time\" content=\"2020-09-09T07:00:12+00:00\" \/>\n<meta name=\"author\" content=\"Administrateur\" \/>\n<meta name=\"twitter:card\" content=\"summary_large_image\" \/>\n<meta name=\"twitter:label1\" content=\"Written by\" \/>\n\t<meta name=\"twitter:data1\" content=\"Administrateur\" \/>\n\t<meta name=\"twitter:label2\" content=\"Est. reading time\" \/>\n\t<meta name=\"twitter:data2\" content=\"3 minutes\" \/>\n<script type=\"application\/ld+json\" class=\"yoast-schema-graph\">{\"@context\":\"https:\\\/\\\/schema.org\",\"@graph\":[{\"@type\":\"Article\",\"@id\":\"https:\\\/\\\/digital.gov.mg\\\/2020\\\/08\\\/26\\\/appel-a-manifestation-dinteret-international\\\/#article\",\"isPartOf\":{\"@id\":\"https:\\\/\\\/digital.gov.mg\\\/2020\\\/08\\\/26\\\/appel-a-manifestation-dinteret-international\\\/\"},\"author\":{\"name\":\"Administrateur\",\"@id\":\"https:\\\/\\\/digital.gov.mg\\\/#\\\/schema\\\/person\\\/e0bfd7c501fa6d8ca7517987accbe996\"},\"headline\":\"APPEL A MANIFESTATION D\u2019INTERET INTERNATIONAL AMI N\u00b004\\\/PRODIGY-2020\",\"datePublished\":\"2020-08-26T13:19:08+00:00\",\"dateModified\":\"2020-09-09T07:00:12+00:00\",\"mainEntityOfPage\":{\"@id\":\"https:\\\/\\\/digital.gov.mg\\\/2020\\\/08\\\/26\\\/appel-a-manifestation-dinteret-international\\\/\"},\"wordCount\":562,\"commentCount\":0,\"articleSection\":[\"Appel d'offre\"],\"inLanguage\":\"en-US\",\"potentialAction\":[{\"@type\":\"CommentAction\",\"name\":\"Comment\",\"target\":[\"https:\\\/\\\/digital.gov.mg\\\/2020\\\/08\\\/26\\\/appel-a-manifestation-dinteret-international\\\/#respond\"]}]},{\"@type\":\"WebPage\",\"@id\":\"https:\\\/\\\/digital.gov.mg\\\/2020\\\/08\\\/26\\\/appel-a-manifestation-dinteret-international\\\/\",\"url\":\"https:\\\/\\\/digital.gov.mg\\\/2020\\\/08\\\/26\\\/appel-a-manifestation-dinteret-international\\\/\",\"name\":\"APPEL A MANIFESTATION D\u2019INTERET INTERNATIONAL AMI N\u00b004\\\/PRODIGY-2020 - Unit\u00e9 de Gouvernance Digitale\",\"isPartOf\":{\"@id\":\"https:\\\/\\\/digital.gov.mg\\\/#website\"},\"datePublished\":\"2020-08-26T13:19:08+00:00\",\"dateModified\":\"2020-09-09T07:00:12+00:00\",\"author\":{\"@id\":\"https:\\\/\\\/digital.gov.mg\\\/#\\\/schema\\\/person\\\/e0bfd7c501fa6d8ca7517987accbe996\"},\"breadcrumb\":{\"@id\":\"https:\\\/\\\/digital.gov.mg\\\/2020\\\/08\\\/26\\\/appel-a-manifestation-dinteret-international\\\/#breadcrumb\"},\"inLanguage\":\"en-US\",\"potentialAction\":[{\"@type\":\"ReadAction\",\"target\":[\"https:\\\/\\\/digital.gov.mg\\\/2020\\\/08\\\/26\\\/appel-a-manifestation-dinteret-international\\\/\"]}]},{\"@type\":\"BreadcrumbList\",\"@id\":\"https:\\\/\\\/digital.gov.mg\\\/2020\\\/08\\\/26\\\/appel-a-manifestation-dinteret-international\\\/#breadcrumb\",\"itemListElement\":[{\"@type\":\"ListItem\",\"position\":1,\"name\":\"Accueil\",\"item\":\"https:\\\/\\\/digital.gov.mg\\\/\"},{\"@type\":\"ListItem\",\"position\":2,\"name\":\"APPEL A MANIFESTATION D\u2019INTERET INTERNATIONAL AMI N\u00b004\\\/PRODIGY-2020\"}]},{\"@type\":\"WebSite\",\"@id\":\"https:\\\/\\\/digital.gov.mg\\\/#website\",\"url\":\"https:\\\/\\\/digital.gov.mg\\\/\",\"name\":\"Unit\u00e9 de Gouvernance Digitale\",\"description\":\"Solutions centr\u00e9es sur les besoins essentiels de la population\",\"potentialAction\":[{\"@type\":\"SearchAction\",\"target\":{\"@type\":\"EntryPoint\",\"urlTemplate\":\"https:\\\/\\\/digital.gov.mg\\\/?s={search_term_string}\"},\"query-input\":{\"@type\":\"PropertyValueSpecification\",\"valueRequired\":true,\"valueName\":\"search_term_string\"}}],\"inLanguage\":\"en-US\"},{\"@type\":\"Person\",\"@id\":\"https:\\\/\\\/digital.gov.mg\\\/#\\\/schema\\\/person\\\/e0bfd7c501fa6d8ca7517987accbe996\",\"name\":\"Administrateur\",\"image\":{\"@type\":\"ImageObject\",\"inLanguage\":\"en-US\",\"@id\":\"https:\\\/\\\/secure.gravatar.com\\\/avatar\\\/5338e346d511fbce6718839a5237db5740235b1514ca9a2cb6955fb58f80d533?s=96&d=mm&r=g\",\"url\":\"https:\\\/\\\/secure.gravatar.com\\\/avatar\\\/5338e346d511fbce6718839a5237db5740235b1514ca9a2cb6955fb58f80d533?s=96&d=mm&r=g\",\"contentUrl\":\"https:\\\/\\\/secure.gravatar.com\\\/avatar\\\/5338e346d511fbce6718839a5237db5740235b1514ca9a2cb6955fb58f80d533?s=96&d=mm&r=g\",\"caption\":\"Administrateur\"},\"url\":\"https:\\\/\\\/digital.gov.mg\\\/en\\\/author\\\/root3gm\\\/\"}]}<\/script>\n<!-- \/ Yoast SEO plugin. -->","yoast_head_json":{"title":"APPEL A MANIFESTATION D\u2019INTERET INTERNATIONAL AMI N\u00b004\/PRODIGY-2020 - Unit\u00e9 de Gouvernance Digitale","robots":{"index":"index","follow":"follow","max-snippet":"max-snippet:-1","max-image-preview":"max-image-preview:large","max-video-preview":"max-video-preview:-1"},"canonical":"https:\/\/digital.gov.mg\/en\/2020\/08\/26\/appel-a-manifestation-dinteret-international\/","og_locale":"en_US","og_type":"article","og_title":"APPEL A MANIFESTATION D\u2019INTERET INTERNATIONAL AMI N\u00b004\/PRODIGY-2020 - Unit\u00e9 de Gouvernance Digitale","og_description":"RECRUTEMENT D\u2019UNE FIRME POUR ASSURER L\u2019ASSISTANCE TECHNIQUE DANS LE CADRE DE L\u2019\u00c9LABORATION D\u2019UNE NOUVELLE STRUCTURE ET LA D\u00c9FINITION D\u2019UN MOD\u00c8LE DE GESTION POUR LE SYST\u00c8ME DE GESTION DE L\u2019IDENTIT\u00c9 \u00c0 MADAGASCAR AMI N\u00b004\/PRODIGY-2020 1. Le Gouvernement de la R\u00e9publique de Madagascar a re\u00e7u un financement de l\u2019Association Internationale de d\u00e9veloppement (IDA) dans le cadre du [&hellip;]","og_url":"https:\/\/digital.gov.mg\/en\/2020\/08\/26\/appel-a-manifestation-dinteret-international\/","og_site_name":"Unit\u00e9 de Gouvernance Digitale","article_published_time":"2020-08-26T13:19:08+00:00","article_modified_time":"2020-09-09T07:00:12+00:00","author":"Administrateur","twitter_card":"summary_large_image","twitter_misc":{"Written by":"Administrateur","Est. reading time":"3 minutes"},"schema":{"@context":"https:\/\/schema.org","@graph":[{"@type":"Article","@id":"https:\/\/digital.gov.mg\/2020\/08\/26\/appel-a-manifestation-dinteret-international\/#article","isPartOf":{"@id":"https:\/\/digital.gov.mg\/2020\/08\/26\/appel-a-manifestation-dinteret-international\/"},"author":{"name":"Administrateur","@id":"https:\/\/digital.gov.mg\/#\/schema\/person\/e0bfd7c501fa6d8ca7517987accbe996"},"headline":"APPEL A MANIFESTATION D\u2019INTERET INTERNATIONAL AMI N\u00b004\/PRODIGY-2020","datePublished":"2020-08-26T13:19:08+00:00","dateModified":"2020-09-09T07:00:12+00:00","mainEntityOfPage":{"@id":"https:\/\/digital.gov.mg\/2020\/08\/26\/appel-a-manifestation-dinteret-international\/"},"wordCount":562,"commentCount":0,"articleSection":["Appel d'offre"],"inLanguage":"en-US","potentialAction":[{"@type":"CommentAction","name":"Comment","target":["https:\/\/digital.gov.mg\/2020\/08\/26\/appel-a-manifestation-dinteret-international\/#respond"]}]},{"@type":"WebPage","@id":"https:\/\/digital.gov.mg\/2020\/08\/26\/appel-a-manifestation-dinteret-international\/","url":"https:\/\/digital.gov.mg\/2020\/08\/26\/appel-a-manifestation-dinteret-international\/","name":"APPEL A MANIFESTATION D\u2019INTERET INTERNATIONAL AMI N\u00b004\/PRODIGY-2020 - Unit\u00e9 de Gouvernance Digitale","isPartOf":{"@id":"https:\/\/digital.gov.mg\/#website"},"datePublished":"2020-08-26T13:19:08+00:00","dateModified":"2020-09-09T07:00:12+00:00","author":{"@id":"https:\/\/digital.gov.mg\/#\/schema\/person\/e0bfd7c501fa6d8ca7517987accbe996"},"breadcrumb":{"@id":"https:\/\/digital.gov.mg\/2020\/08\/26\/appel-a-manifestation-dinteret-international\/#breadcrumb"},"inLanguage":"en-US","potentialAction":[{"@type":"ReadAction","target":["https:\/\/digital.gov.mg\/2020\/08\/26\/appel-a-manifestation-dinteret-international\/"]}]},{"@type":"BreadcrumbList","@id":"https:\/\/digital.gov.mg\/2020\/08\/26\/appel-a-manifestation-dinteret-international\/#breadcrumb","itemListElement":[{"@type":"ListItem","position":1,"name":"Accueil","item":"https:\/\/digital.gov.mg\/"},{"@type":"ListItem","position":2,"name":"APPEL A MANIFESTATION D\u2019INTERET INTERNATIONAL AMI N\u00b004\/PRODIGY-2020"}]},{"@type":"WebSite","@id":"https:\/\/digital.gov.mg\/#website","url":"https:\/\/digital.gov.mg\/","name":"Unit\u00e9 de Gouvernance Digitale","description":"Solutions centr\u00e9es sur les besoins essentiels de la population","potentialAction":[{"@type":"SearchAction","target":{"@type":"EntryPoint","urlTemplate":"https:\/\/digital.gov.mg\/?s={search_term_string}"},"query-input":{"@type":"PropertyValueSpecification","valueRequired":true,"valueName":"search_term_string"}}],"inLanguage":"en-US"},{"@type":"Person","@id":"https:\/\/digital.gov.mg\/#\/schema\/person\/e0bfd7c501fa6d8ca7517987accbe996","name":"Administrateur","image":{"@type":"ImageObject","inLanguage":"en-US","@id":"https:\/\/secure.gravatar.com\/avatar\/5338e346d511fbce6718839a5237db5740235b1514ca9a2cb6955fb58f80d533?s=96&d=mm&r=g","url":"https:\/\/secure.gravatar.com\/avatar\/5338e346d511fbce6718839a5237db5740235b1514ca9a2cb6955fb58f80d533?s=96&d=mm&r=g","contentUrl":"https:\/\/secure.gravatar.com\/avatar\/5338e346d511fbce6718839a5237db5740235b1514ca9a2cb6955fb58f80d533?s=96&d=mm&r=g","caption":"Administrateur"},"url":"https:\/\/digital.gov.mg\/en\/author\/root3gm\/"}]}},"_links":{"self":[{"href":"https:\/\/digital.gov.mg\/en\/wp-json\/wp\/v2\/posts\/855","targetHints":{"allow":["GET"]}}],"collection":[{"href":"https:\/\/digital.gov.mg\/en\/wp-json\/wp\/v2\/posts"}],"about":[{"href":"https:\/\/digital.gov.mg\/en\/wp-json\/wp\/v2\/types\/post"}],"author":[{"embeddable":true,"href":"https:\/\/digital.gov.mg\/en\/wp-json\/wp\/v2\/users\/1"}],"replies":[{"embeddable":true,"href":"https:\/\/digital.gov.mg\/en\/wp-json\/wp\/v2\/comments?post=855"}],"version-history":[{"count":17,"href":"https:\/\/digital.gov.mg\/en\/wp-json\/wp\/v2\/posts\/855\/revisions"}],"predecessor-version":[{"id":924,"href":"https:\/\/digital.gov.mg\/en\/wp-json\/wp\/v2\/posts\/855\/revisions\/924"}],"wp:attachment":[{"href":"https:\/\/digital.gov.mg\/en\/wp-json\/wp\/v2\/media?parent=855"}],"wp:term":[{"taxonomy":"category","embeddable":true,"href":"https:\/\/digital.gov.mg\/en\/wp-json\/wp\/v2\/categories?post=855"},{"taxonomy":"post_tag","embeddable":true,"href":"https:\/\/digital.gov.mg\/en\/wp-json\/wp\/v2\/tags?post=855"}],"curies":[{"name":"wp","href":"https:\/\/api.w.org\/{rel}","templated":true}]}}