{"id":878,"date":"2020-08-26T18:51:53","date_gmt":"2020-08-26T16:51:53","guid":{"rendered":"https:\/\/digital.gov.mg\/?p=878"},"modified":"2020-09-08T15:13:47","modified_gmt":"2020-09-08T13:13:47","slug":"appel-a-manifestation-dinteret-international-ami-n01-papsp-2020-dgi","status":"publish","type":"post","link":"https:\/\/digital.gov.mg\/en\/2020\/08\/26\/appel-a-manifestation-dinteret-international-ami-n01-papsp-2020-dgi\/","title":{"rendered":"APPEL A MANIFESTATION D\u2019INTERET INTERNATIONAL AMI N\u00b005\/20\/PAPSP\/AMI"},"content":{"rendered":"\n<p><strong>APPEL A\nMANIFESTATION D\u2019INTERET INTERNATIONAL<\/strong><\/p>\n\n\n\n<p><strong>Recrutement d&#8217;une firme<\/strong> pour assurer l&#8217;assistance technique \u00e0 la mise en \u0153uvre du syst\u00e8me d\u2019information de gestion de la <strong>Direction G\u00e9n\u00e9rale des Imp\u00f4ts<\/strong><\/p>\n\n\n\n<p><strong>AMI N\u00b005\/20\/PAPSP\/AMIDGI SAFI <\/strong><\/p>\n\n\n\n<ol class=\"wp-block-list\"><li>Le Gouvernement de la R\u00e9publique de Madagascar a re\u00e7u un financement de l\u2019Association Internationale de d\u00e9veloppement (IDA) dans le cadre du <strong>Projet d\u2019Appui \u00e0 la Performance du Secteur Public (PAPSP)<\/strong>, et a l\u2019intention d\u2019utiliser une partie du montant de ce fonds pour effectuer les paiements autoris\u00e9s au titre du contrat d\u2019une firme pour assurer <strong>l\u2019Assistance Technique \u00e0 la mise en \u0153uvre du syst\u00e8me d\u2019information de gestion de la Direction G\u00e9n\u00e9rale des Imp\u00f4ts.<\/strong><\/li><\/ol>\n\n\n\n<ul class=\"wp-block-list\"><li>L\u2019objectif de la mission est <strong>d\u2019accompagner le\ngouvernement \u00e0 l\u2019am\u00e9lioration de l\u2019efficacit\u00e9 et de la performance de la\nDirection G\u00e9n\u00e9rale des Imp\u00f4ts par la mise en place d\u2019une nouvelle solution\ninformatique<\/strong><strong> qui <\/strong><strong>deviendra\nl\u2019outil unique int\u00e9gr\u00e9 de la Direction G\u00e9n\u00e9rale des Imp\u00f4ts.<\/strong><\/li><\/ul>\n\n\n\n<ul class=\"wp-block-list\"><li>Le mandat sera confi\u00e9 \u00e0 une Firme ayant une exp\u00e9rience professionnelle dans le d\u00e9veloppement et\/ou l\u2019exploitation d\u2019un logiciel de gestion des imp\u00f4ts et taxes dans une administration fiscale avec la mise en place de services en ligne d\u00e9mat\u00e9rialis\u00e9e g\u00e9n\u00e9ralis\u00e9s \u00e0 grande \u00e9chelle.<\/li><\/ul>\n\n\n\n<ul class=\"wp-block-list\"><li>&nbsp;L&#8217;Unit\u00e9 de\nCoordination des Projets (UCP) invite les firmes int\u00e9ress\u00e9es \u00e0 manifester leur int\u00e9r\u00eat\npour la r\u00e9alisation des services d\u00e9crits ci-dessus. <\/li><\/ul>\n\n\n\n<ol class=\"wp-block-list\"><li>Le Consultant sera s\u00e9lectionn\u00e9 suivant la m\u00e9thode \u00ab&nbsp;S\u00e9lection de consultants Fond\u00e9e sur la Qualit\u00e9 et le Co\u00fbt (SFQC)&nbsp;\u00bb conform\u00e9ment aux Directives&nbsp;: s\u00e9lection et emploi de Consultants par les Emprunteurs de la Banque Mondiale dans le cadre des Pr\u00eats de la BIRD, des Cr\u00e9dits et Dons de l\u2019IDA, version janvier 2011 et mise \u00e0 jour en juillet 2014.<\/li><\/ol>\n\n\n\n<ul class=\"wp-block-list\"><li>Les firmes int\u00e9ress\u00e9es peuvent obtenir des informations suppl\u00e9mentaires, y compris les Termes de R\u00e9f\u00e9rence, de neuf heures (09h00mn) \u00e0 seize heures (16h00mn), aux adresses emails suivantes&nbsp;:<\/li><\/ul>\n\n\n\n<p><a href=\"mailto:coordonnateur@digital.gov.mg\">coordonnateur@digital.gov.mg<\/a>&nbsp; et <a href=\"mailto:rpm@digital.gov.mg\">rpm@digital.gov.mg<\/a> ; copie&nbsp;: <a href=\"mailto:apm1@digital.gov.mg\">apm1@digital.gov.mg<\/a><\/p>\n\n\n\n<ul class=\"wp-block-list\"><li>La firme doit fournir les informations, justifiant qu\u2019elle est en mesure d\u2019ex\u00e9cuter les prestations suivant les Termes de R\u00e9f\u00e9rence et les documents list\u00e9s ci-apr\u00e8s :<ul><li>Lettre de manifestation d\u2019int\u00e9r\u00eat mentionnant l\u2019objet de la prestation&nbsp;;<\/li><li>Documents justifiant la preuve de leur existence juridique&nbsp;;<\/li><li>Description des exp\u00e9riences g\u00e9n\u00e9rales&nbsp;;<\/li><li>Description d\u00e9taill\u00e9e des prestations similaires&nbsp;;<\/li><li>Capacit\u00e9 de gestion et d\u2019organisation appropri\u00e9e pour la mission&nbsp;;<\/li><li>Liste des membres du personnel-cl\u00e9 propos\u00e9 tel que requis dans les Termes de R\u00e9f\u00e9rence&nbsp;;<\/li><li>Toutes informations jug\u00e9es pertinentes pour appr\u00e9cier la qualit\u00e9 de la firme avec les justifications y aff\u00e9rentes.<\/li><\/ul><\/li><\/ul>\n\n\n\n<ol class=\"wp-block-list\"><li>Les dossiers de manifestations d\u2019int\u00e9r\u00eat seront adress\u00e9s \u00e0 Madame le Coordonnateur de Projet et envoy\u00e9s aux adresses suivantes&nbsp;: <\/li><\/ol>\n\n\n\n<p>Adresse : Villa Lot\nII M 85 ter Antsakaviro, Antananarivo 101<\/p>\n\n\n\n<p>Courriel&nbsp;: <a href=\"mailto:coordonnateur@digital.gov.mg\">coordonnateur@digital.gov.mg<\/a>&nbsp; et <a href=\"mailto:rpm.papsp@gmail.com\">rpm@digital.gov.mg<\/a> ; copie&nbsp;: <a href=\"mailto:apm2@digital.gov.mg\">apm2@digital.gov.mg<\/a> au plus tard le lundi 08 septembre 2020 \u00e0 12 heures <\/p>\n","protected":false},"excerpt":{"rendered":"<p>APPEL A MANIFESTATION D\u2019INTERET INTERNATIONAL Recrutement d&#8217;une firme pour assurer l&#8217;assistance technique \u00e0 la mise en \u0153uvre du syst\u00e8me d\u2019information de gestion de la Direction G\u00e9n\u00e9rale des Imp\u00f4ts AMI N\u00b005\/20\/PAPSP\/AMIDGI SAFI Le Gouvernement de la R\u00e9publique de Madagascar a re\u00e7u un financement de l\u2019Association Internationale de d\u00e9veloppement (IDA) dans le cadre du Projet d\u2019Appui \u00e0 [&hellip;]<\/p>\n","protected":false},"author":1,"featured_media":0,"comment_status":"open","ping_status":"open","sticky":false,"template":"","format":"standard","meta":{"_acf_changed":false,"footnotes":""},"categories":[29],"tags":[],"class_list":["post-878","post","type-post","status-publish","format-standard","hentry","category-ao"],"acf":[],"yoast_head":"<!-- This site is optimized with the Yoast SEO plugin v27.5 - https:\/\/yoast.com\/product\/yoast-seo-wordpress\/ -->\n<title>APPEL A MANIFESTATION D\u2019INTERET INTERNATIONAL AMI N\u00b005\/20\/PAPSP\/AMI - Unit\u00e9 de Gouvernance Digitale<\/title>\n<meta name=\"robots\" content=\"index, follow, max-snippet:-1, max-image-preview:large, max-video-preview:-1\" \/>\n<link rel=\"canonical\" href=\"https:\/\/digital.gov.mg\/en\/2020\/08\/26\/appel-a-manifestation-dinteret-international-ami-n01-papsp-2020-dgi\/\" \/>\n<meta property=\"og:locale\" content=\"en_US\" \/>\n<meta property=\"og:locale:alternate\" content=\"Madagascar\" \/>\n<meta property=\"og:locale:alternate\" content=\"fr_FR\" \/>\n<meta property=\"og:type\" content=\"article\" \/>\n<meta property=\"og:title\" content=\"APPEL A MANIFESTATION D\u2019INTERET INTERNATIONAL AMI N\u00b005\/20\/PAPSP\/AMI - Unit\u00e9 de Gouvernance Digitale\" \/>\n<meta property=\"og:description\" content=\"APPEL A MANIFESTATION D\u2019INTERET INTERNATIONAL Recrutement d&#8217;une firme pour assurer l&#8217;assistance technique \u00e0 la mise en \u0153uvre du syst\u00e8me d\u2019information de gestion de la Direction G\u00e9n\u00e9rale des Imp\u00f4ts AMI N\u00b005\/20\/PAPSP\/AMIDGI SAFI Le Gouvernement de la R\u00e9publique de Madagascar a re\u00e7u un financement de l\u2019Association Internationale de d\u00e9veloppement (IDA) dans le cadre du Projet d\u2019Appui \u00e0 [&hellip;]\" \/>\n<meta property=\"og:url\" content=\"https:\/\/digital.gov.mg\/en\/2020\/08\/26\/appel-a-manifestation-dinteret-international-ami-n01-papsp-2020-dgi\/\" \/>\n<meta property=\"og:site_name\" content=\"Unit\u00e9 de Gouvernance Digitale\" \/>\n<meta property=\"article:published_time\" content=\"2020-08-26T16:51:53+00:00\" \/>\n<meta property=\"article:modified_time\" content=\"2020-09-08T13:13:47+00:00\" \/>\n<meta name=\"author\" content=\"Administrateur\" \/>\n<meta name=\"twitter:card\" content=\"summary_large_image\" \/>\n<meta name=\"twitter:label1\" content=\"Written by\" \/>\n\t<meta name=\"twitter:data1\" content=\"Administrateur\" \/>\n\t<meta name=\"twitter:label2\" content=\"Est. reading time\" \/>\n\t<meta name=\"twitter:data2\" content=\"3 minutes\" \/>\n<script type=\"application\/ld+json\" class=\"yoast-schema-graph\">{\"@context\":\"https:\\\/\\\/schema.org\",\"@graph\":[{\"@type\":\"Article\",\"@id\":\"https:\\\/\\\/digital.gov.mg\\\/2020\\\/08\\\/26\\\/appel-a-manifestation-dinteret-international-ami-n01-papsp-2020-dgi\\\/#article\",\"isPartOf\":{\"@id\":\"https:\\\/\\\/digital.gov.mg\\\/2020\\\/08\\\/26\\\/appel-a-manifestation-dinteret-international-ami-n01-papsp-2020-dgi\\\/\"},\"author\":{\"name\":\"Administrateur\",\"@id\":\"https:\\\/\\\/digital.gov.mg\\\/#\\\/schema\\\/person\\\/e0bfd7c501fa6d8ca7517987accbe996\"},\"headline\":\"APPEL A MANIFESTATION D\u2019INTERET INTERNATIONAL AMI N\u00b005\\\/20\\\/PAPSP\\\/AMI\",\"datePublished\":\"2020-08-26T16:51:53+00:00\",\"dateModified\":\"2020-09-08T13:13:47+00:00\",\"mainEntityOfPage\":{\"@id\":\"https:\\\/\\\/digital.gov.mg\\\/2020\\\/08\\\/26\\\/appel-a-manifestation-dinteret-international-ami-n01-papsp-2020-dgi\\\/\"},\"wordCount\":560,\"commentCount\":0,\"articleSection\":[\"Appel d'offre\"],\"inLanguage\":\"en-US\",\"potentialAction\":[{\"@type\":\"CommentAction\",\"name\":\"Comment\",\"target\":[\"https:\\\/\\\/digital.gov.mg\\\/2020\\\/08\\\/26\\\/appel-a-manifestation-dinteret-international-ami-n01-papsp-2020-dgi\\\/#respond\"]}]},{\"@type\":\"WebPage\",\"@id\":\"https:\\\/\\\/digital.gov.mg\\\/2020\\\/08\\\/26\\\/appel-a-manifestation-dinteret-international-ami-n01-papsp-2020-dgi\\\/\",\"url\":\"https:\\\/\\\/digital.gov.mg\\\/2020\\\/08\\\/26\\\/appel-a-manifestation-dinteret-international-ami-n01-papsp-2020-dgi\\\/\",\"name\":\"APPEL A MANIFESTATION D\u2019INTERET INTERNATIONAL AMI N\u00b005\\\/20\\\/PAPSP\\\/AMI - Unit\u00e9 de Gouvernance Digitale\",\"isPartOf\":{\"@id\":\"https:\\\/\\\/digital.gov.mg\\\/#website\"},\"datePublished\":\"2020-08-26T16:51:53+00:00\",\"dateModified\":\"2020-09-08T13:13:47+00:00\",\"author\":{\"@id\":\"https:\\\/\\\/digital.gov.mg\\\/#\\\/schema\\\/person\\\/e0bfd7c501fa6d8ca7517987accbe996\"},\"breadcrumb\":{\"@id\":\"https:\\\/\\\/digital.gov.mg\\\/2020\\\/08\\\/26\\\/appel-a-manifestation-dinteret-international-ami-n01-papsp-2020-dgi\\\/#breadcrumb\"},\"inLanguage\":\"en-US\",\"potentialAction\":[{\"@type\":\"ReadAction\",\"target\":[\"https:\\\/\\\/digital.gov.mg\\\/2020\\\/08\\\/26\\\/appel-a-manifestation-dinteret-international-ami-n01-papsp-2020-dgi\\\/\"]}]},{\"@type\":\"BreadcrumbList\",\"@id\":\"https:\\\/\\\/digital.gov.mg\\\/2020\\\/08\\\/26\\\/appel-a-manifestation-dinteret-international-ami-n01-papsp-2020-dgi\\\/#breadcrumb\",\"itemListElement\":[{\"@type\":\"ListItem\",\"position\":1,\"name\":\"Accueil\",\"item\":\"https:\\\/\\\/digital.gov.mg\\\/\"},{\"@type\":\"ListItem\",\"position\":2,\"name\":\"APPEL A MANIFESTATION D\u2019INTERET INTERNATIONAL AMI N\u00b005\\\/20\\\/PAPSP\\\/AMI\"}]},{\"@type\":\"WebSite\",\"@id\":\"https:\\\/\\\/digital.gov.mg\\\/#website\",\"url\":\"https:\\\/\\\/digital.gov.mg\\\/\",\"name\":\"Unit\u00e9 de Gouvernance Digitale\",\"description\":\"Solutions centr\u00e9es sur les besoins essentiels de la population\",\"potentialAction\":[{\"@type\":\"SearchAction\",\"target\":{\"@type\":\"EntryPoint\",\"urlTemplate\":\"https:\\\/\\\/digital.gov.mg\\\/?s={search_term_string}\"},\"query-input\":{\"@type\":\"PropertyValueSpecification\",\"valueRequired\":true,\"valueName\":\"search_term_string\"}}],\"inLanguage\":\"en-US\"},{\"@type\":\"Person\",\"@id\":\"https:\\\/\\\/digital.gov.mg\\\/#\\\/schema\\\/person\\\/e0bfd7c501fa6d8ca7517987accbe996\",\"name\":\"Administrateur\",\"image\":{\"@type\":\"ImageObject\",\"inLanguage\":\"en-US\",\"@id\":\"https:\\\/\\\/secure.gravatar.com\\\/avatar\\\/5338e346d511fbce6718839a5237db5740235b1514ca9a2cb6955fb58f80d533?s=96&d=mm&r=g\",\"url\":\"https:\\\/\\\/secure.gravatar.com\\\/avatar\\\/5338e346d511fbce6718839a5237db5740235b1514ca9a2cb6955fb58f80d533?s=96&d=mm&r=g\",\"contentUrl\":\"https:\\\/\\\/secure.gravatar.com\\\/avatar\\\/5338e346d511fbce6718839a5237db5740235b1514ca9a2cb6955fb58f80d533?s=96&d=mm&r=g\",\"caption\":\"Administrateur\"},\"url\":\"https:\\\/\\\/digital.gov.mg\\\/en\\\/author\\\/root3gm\\\/\"}]}<\/script>\n<!-- \/ Yoast SEO plugin. -->","yoast_head_json":{"title":"APPEL A MANIFESTATION D\u2019INTERET INTERNATIONAL AMI N\u00b005\/20\/PAPSP\/AMI - Unit\u00e9 de Gouvernance Digitale","robots":{"index":"index","follow":"follow","max-snippet":"max-snippet:-1","max-image-preview":"max-image-preview:large","max-video-preview":"max-video-preview:-1"},"canonical":"https:\/\/digital.gov.mg\/en\/2020\/08\/26\/appel-a-manifestation-dinteret-international-ami-n01-papsp-2020-dgi\/","og_locale":"en_US","og_type":"article","og_title":"APPEL A MANIFESTATION D\u2019INTERET INTERNATIONAL AMI N\u00b005\/20\/PAPSP\/AMI - Unit\u00e9 de Gouvernance Digitale","og_description":"APPEL A MANIFESTATION D\u2019INTERET INTERNATIONAL Recrutement d&#8217;une firme pour assurer l&#8217;assistance technique \u00e0 la mise en \u0153uvre du syst\u00e8me d\u2019information de gestion de la Direction G\u00e9n\u00e9rale des Imp\u00f4ts AMI N\u00b005\/20\/PAPSP\/AMIDGI SAFI Le Gouvernement de la R\u00e9publique de Madagascar a re\u00e7u un financement de l\u2019Association Internationale de d\u00e9veloppement (IDA) dans le cadre du Projet d\u2019Appui \u00e0 [&hellip;]","og_url":"https:\/\/digital.gov.mg\/en\/2020\/08\/26\/appel-a-manifestation-dinteret-international-ami-n01-papsp-2020-dgi\/","og_site_name":"Unit\u00e9 de Gouvernance Digitale","article_published_time":"2020-08-26T16:51:53+00:00","article_modified_time":"2020-09-08T13:13:47+00:00","author":"Administrateur","twitter_card":"summary_large_image","twitter_misc":{"Written by":"Administrateur","Est. reading time":"3 minutes"},"schema":{"@context":"https:\/\/schema.org","@graph":[{"@type":"Article","@id":"https:\/\/digital.gov.mg\/2020\/08\/26\/appel-a-manifestation-dinteret-international-ami-n01-papsp-2020-dgi\/#article","isPartOf":{"@id":"https:\/\/digital.gov.mg\/2020\/08\/26\/appel-a-manifestation-dinteret-international-ami-n01-papsp-2020-dgi\/"},"author":{"name":"Administrateur","@id":"https:\/\/digital.gov.mg\/#\/schema\/person\/e0bfd7c501fa6d8ca7517987accbe996"},"headline":"APPEL A MANIFESTATION D\u2019INTERET INTERNATIONAL AMI N\u00b005\/20\/PAPSP\/AMI","datePublished":"2020-08-26T16:51:53+00:00","dateModified":"2020-09-08T13:13:47+00:00","mainEntityOfPage":{"@id":"https:\/\/digital.gov.mg\/2020\/08\/26\/appel-a-manifestation-dinteret-international-ami-n01-papsp-2020-dgi\/"},"wordCount":560,"commentCount":0,"articleSection":["Appel d'offre"],"inLanguage":"en-US","potentialAction":[{"@type":"CommentAction","name":"Comment","target":["https:\/\/digital.gov.mg\/2020\/08\/26\/appel-a-manifestation-dinteret-international-ami-n01-papsp-2020-dgi\/#respond"]}]},{"@type":"WebPage","@id":"https:\/\/digital.gov.mg\/2020\/08\/26\/appel-a-manifestation-dinteret-international-ami-n01-papsp-2020-dgi\/","url":"https:\/\/digital.gov.mg\/2020\/08\/26\/appel-a-manifestation-dinteret-international-ami-n01-papsp-2020-dgi\/","name":"APPEL A MANIFESTATION D\u2019INTERET INTERNATIONAL AMI N\u00b005\/20\/PAPSP\/AMI - Unit\u00e9 de Gouvernance Digitale","isPartOf":{"@id":"https:\/\/digital.gov.mg\/#website"},"datePublished":"2020-08-26T16:51:53+00:00","dateModified":"2020-09-08T13:13:47+00:00","author":{"@id":"https:\/\/digital.gov.mg\/#\/schema\/person\/e0bfd7c501fa6d8ca7517987accbe996"},"breadcrumb":{"@id":"https:\/\/digital.gov.mg\/2020\/08\/26\/appel-a-manifestation-dinteret-international-ami-n01-papsp-2020-dgi\/#breadcrumb"},"inLanguage":"en-US","potentialAction":[{"@type":"ReadAction","target":["https:\/\/digital.gov.mg\/2020\/08\/26\/appel-a-manifestation-dinteret-international-ami-n01-papsp-2020-dgi\/"]}]},{"@type":"BreadcrumbList","@id":"https:\/\/digital.gov.mg\/2020\/08\/26\/appel-a-manifestation-dinteret-international-ami-n01-papsp-2020-dgi\/#breadcrumb","itemListElement":[{"@type":"ListItem","position":1,"name":"Accueil","item":"https:\/\/digital.gov.mg\/"},{"@type":"ListItem","position":2,"name":"APPEL A MANIFESTATION D\u2019INTERET INTERNATIONAL AMI N\u00b005\/20\/PAPSP\/AMI"}]},{"@type":"WebSite","@id":"https:\/\/digital.gov.mg\/#website","url":"https:\/\/digital.gov.mg\/","name":"Unit\u00e9 de Gouvernance Digitale","description":"Solutions centr\u00e9es sur les besoins essentiels de la population","potentialAction":[{"@type":"SearchAction","target":{"@type":"EntryPoint","urlTemplate":"https:\/\/digital.gov.mg\/?s={search_term_string}"},"query-input":{"@type":"PropertyValueSpecification","valueRequired":true,"valueName":"search_term_string"}}],"inLanguage":"en-US"},{"@type":"Person","@id":"https:\/\/digital.gov.mg\/#\/schema\/person\/e0bfd7c501fa6d8ca7517987accbe996","name":"Administrateur","image":{"@type":"ImageObject","inLanguage":"en-US","@id":"https:\/\/secure.gravatar.com\/avatar\/5338e346d511fbce6718839a5237db5740235b1514ca9a2cb6955fb58f80d533?s=96&d=mm&r=g","url":"https:\/\/secure.gravatar.com\/avatar\/5338e346d511fbce6718839a5237db5740235b1514ca9a2cb6955fb58f80d533?s=96&d=mm&r=g","contentUrl":"https:\/\/secure.gravatar.com\/avatar\/5338e346d511fbce6718839a5237db5740235b1514ca9a2cb6955fb58f80d533?s=96&d=mm&r=g","caption":"Administrateur"},"url":"https:\/\/digital.gov.mg\/en\/author\/root3gm\/"}]}},"_links":{"self":[{"href":"https:\/\/digital.gov.mg\/en\/wp-json\/wp\/v2\/posts\/878","targetHints":{"allow":["GET"]}}],"collection":[{"href":"https:\/\/digital.gov.mg\/en\/wp-json\/wp\/v2\/posts"}],"about":[{"href":"https:\/\/digital.gov.mg\/en\/wp-json\/wp\/v2\/types\/post"}],"author":[{"embeddable":true,"href":"https:\/\/digital.gov.mg\/en\/wp-json\/wp\/v2\/users\/1"}],"replies":[{"embeddable":true,"href":"https:\/\/digital.gov.mg\/en\/wp-json\/wp\/v2\/comments?post=878"}],"version-history":[{"count":17,"href":"https:\/\/digital.gov.mg\/en\/wp-json\/wp\/v2\/posts\/878\/revisions"}],"predecessor-version":[{"id":910,"href":"https:\/\/digital.gov.mg\/en\/wp-json\/wp\/v2\/posts\/878\/revisions\/910"}],"wp:attachment":[{"href":"https:\/\/digital.gov.mg\/en\/wp-json\/wp\/v2\/media?parent=878"}],"wp:term":[{"taxonomy":"category","embeddable":true,"href":"https:\/\/digital.gov.mg\/en\/wp-json\/wp\/v2\/categories?post=878"},{"taxonomy":"post_tag","embeddable":true,"href":"https:\/\/digital.gov.mg\/en\/wp-json\/wp\/v2\/tags?post=878"}],"curies":[{"name":"wp","href":"https:\/\/api.w.org\/{rel}","templated":true}]}}