{"id":1067,"date":"2020-11-23T17:06:29","date_gmt":"2020-11-23T16:06:29","guid":{"rendered":"https:\/\/digital.gov.mg\/?p=1067"},"modified":"2020-12-14T13:02:27","modified_gmt":"2020-12-14T12:02:27","slug":"recrutement-dun-expert-en-etat-civil-et-gestion-didentite","status":"publish","type":"post","link":"https:\/\/digital.gov.mg\/mg\/2020\/11\/23\/recrutement-dun-expert-en-etat-civil-et-gestion-didentite\/","title":{"rendered":"Recrutement d\u2019un Expert en Etat Civil et gestion d&rsquo;identit\u00e9"},"content":{"rendered":"\n<h3 class=\"wp-block-heading\">Contexte<\/h3>\n\n\n\n<p>Dans un contexte de mobilit\u00e9 internationale croissante, d\u2019\u00e9volution rapide des modes de services aux citoyens, mais aussi des opportunit\u00e9s offertes par les nouvelles technologies, les questions d\u2019\u00e9tat civil et d\u2019identit\u00e9 sont aujourd\u2019hui au c\u0153ur des objectifs de d\u00e9veloppement durable. L\u2019\u00e9tat civil fonde cette identit\u00e9 et, ce faisant, permet la sauvegarde des droits individuels et de l\u2019acc\u00e8s de tous \u00e0 la justice et aux services sociaux. Le syst\u00e8me de gestion de l\u2019identit\u00e9 (Id-M) constitue la base de l\u2019\u00e9tablissement de l\u2019identit\u00e9 l\u00e9gale d\u2019une personne ainsi qu\u2019une v\u00e9rification et une authentification pour l\u2019acc\u00e8s \u00e0 une grande vari\u00e9t\u00e9 de b\u00e9n\u00e9fices et de services. Les individus qui n\u2019ont pas d\u2019identit\u00e9 l\u00e9gale ou de preuves d\u2019identit\u00e9 risquent de ne pas avoir acc\u00e8s aux droits et services. De m\u00eame, les gouvernements ont une image incompl\u00e8te de la composition d\u00e9mographique et des statistiques vitales, ce qui peut entraver les processus de prise de d\u00e9cisions ; pour les partenaires au d\u00e9veloppement, la d\u00e9ficience en mati\u00e8re d\u2019enregistrement universel et de preuves d\u2019identit\u00e9 peut faire obstacle \u00e0 la gestion efficace de l\u2019aide et \u00e0 l\u2019atteinte des r\u00e9sultats des politiques publiques de d\u00e9veloppement. La modernisation et la transformation des services publics figure parmi les principales priorit\u00e9s. Les technologies num\u00e9riques, avec leurs m\u00e9thodologies, leurs mod\u00e8les \u00e9conomiques ainsi que leurs proc\u00e9dures offrent une opportunit\u00e9 unique de fournir des services publics plus rapides, efficaces et accessibles \u00e0 Madagascar. Valorisant le savoir-faire et l\u2019expertise en la mati\u00e8re, en convergence avec l\u2019initiative \u00c9mergence de Madagascar, le projet PRODIGY soutient le renforcement des services d\u2019\u00e9tat civil, de l\u2019identification des personnes et d\u2019institutions plus inclusives. Elle met en \u0153uvre aujourd\u2019hui plusieurs programmes d\u2019appui \u00e0 la modernisation de l\u2019\u00e9tat civil et de la gestion de l\u2019identit\u00e9 sur financement de la Banque Mondiale Dans ce contexte, le sp\u00e9cialiste en \u00c9tat Civil et ID-M est d\u00e9di\u00e9 \u00e0 la composante du projet en appui particuli\u00e8rement \u00e0 la r\u00e9forme du syst\u00e8me de gestion de l\u2019\u00c9tat civil et de l\u2019identit\u00e9 des Malagasy.<\/p>\n\n\n\n<h3 class=\"wp-block-heading\">Objectifs<\/h3>\n\n\n\n<p>L\u2019objectif g\u00e9n\u00e9ral de ce mandat est de renforcer la capacit\u00e9 op\u00e9rationnelle de l\u2019unit\u00e9 de Coordination du Projet. De fa\u00e7on plus sp\u00e9cifique, il s\u2019agit d\u2019accompagner le syst\u00e8me CRVS et l\u2019assistance technique consiste \u00e0 accompagner les institutions b\u00e9n\u00e9ficiaires dans la r\u00e9alisation des activit\u00e9s. Les mandats propos\u00e9s se concentreront sur les grandes orientations strat\u00e9giques des projets, comme suit :<\/p>\n\n\n\n<ul class=\"wp-block-list\"><li>Contribuer \u00e0 la mise en \u0153uvre du programme\/de l\u2019intervention \u00e0 travers un appui \u00e0 la planification, l\u2019ex\u00e9cution, la coordination, le suivi et monitoring, l\u2019\u00e9valuation des activit\u00e9s<\/li><li>Organiser les capitalisations et la gestion des connaissances dans le domaine d\u2019expertise concern\u00e9<\/li><li>Fournir des contributions et un support technique dans le domaine d\u2019expertise concern\u00e9<\/li><li>Contribuer au renforcement des capacit\u00e9s des structures partenaires.<\/li><\/ul>\n\n\n\n<h3 class=\"wp-block-heading\">Mission et attributions<\/h3>\n\n\n\n<p>Sous la supervision du coordinateur des Projets, le consultant fournit des inputs strat\u00e9giques et techniques en mati\u00e8re de renforcement des syst\u00e8mes de gestion de l\u2019\u00e9tat civil. Dans l\u2019atteinte des objectifs du programme, il est plus particuli\u00e8rement en charge de la composante 1 du programme pour l\u2019am\u00e9lioration du pilotage de l\u2019\u00e9tat civil et l\u2019appui institutionnel en convergence avec la r\u00e9forme du CRVS. A cet effet, il (elle) sera amen\u00e9 \u00e0 :<\/p>\n\n\n\n<ul class=\"wp-block-list\"><li>Fournir l\u2019expertise et le conseil dans la pr\u00e9paration, le suivi et l\u2019\u00e9valuation des interventions du projet dans les domaines de l\u2019\u00e9tat civil, de l\u2019identit\u00e9 du citoyen, et des e-services associ\u00e9s<\/li><li>Travailler de concert avec l\u2019unit\u00e9 Gouvernance digitale et le CN-CRVS ;<\/li><li>Contribuer \u00e0 la mise en oeuvre de la vision \/strat\u00e9gie CRVS du gouvernement dans le domaine de l\u2019\u00e9tat civil, de l\u2019identit\u00e9 du citoyen ; \u2022 Appui \u00e0 la mise en oeuvre des politiques publiques et strat\u00e9gies nationales en mati\u00e8re d\u2019\u00e9tat civil<\/li><li>Appui institutionnel et\/ou renforcement des capacit\u00e9s de l\u2019administration publique ;<\/li><\/ul>\n\n\n\n<h3 class=\"wp-block-heading\">R\u00e9sultats attendus<\/h3>\n\n\n\n<p>Le pilotage strat\u00e9gique de l\u2019\u00e9tat civil est am\u00e9lior\u00e9 (ligne d\u2019action : le pilotage strat\u00e9gique repose sur des textes r\u00e9vis\u00e9s, un dispositif de coordination ad\u00e9quate et un m\u00e9canisme de suivi et \u00e9valuation de l\u2019efficacit\u00e9 du syst\u00e8me de l\u2019\u00e9tat civil efficient)<\/p>\n\n\n\n<ul class=\"wp-block-list\"><li>Les capacit\u00e9s des administrations charg\u00e9es de la gestion de l\u2019\u00e9tat civil et la sensibilisation des acteurs sont am\u00e9lior\u00e9es (lignes d\u2019actions : r\u00e9alisation de programmes de formation \u00e0 l\u2019attention des principales parties prenantes, am\u00e9lioration de l\u2019accessibilit\u00e9 du service de l\u2019\u00e9tat civil, r\u00e9alisation de campagne d\u2019information\/sensibilisation de la population, et projets d\u2019am\u00e9lioration des services dans communes\/cercles pilotes)<\/li><li>Un fichier national de l\u2019\u00e9tat civil reli\u00e9 \u00e0 une base de donn\u00e9es biom\u00e9triques est constitu\u00e9 et interconnect\u00e9 avec les communes et postes consulaires informatis\u00e9s (ligne d\u2019action : la solution informatique de gestion des donn\u00e9es de l\u2019\u00e9tat civil et la base de donn\u00e9es biom\u00e9triques sont mises \u00e0 jour et la solution informatique est d\u00e9ploy\u00e9e sur le plan national.)<\/li><\/ul>\n\n\n\n<h3 class=\"wp-block-heading\">Profils et qualifications<\/h3>\n\n\n\n<ul class=\"wp-block-list\"><li>Dipl\u00f4me de Master (Bacc +5) dans un ou plusieurs des domaines suivants : sciences sociales, sciences politiques, droit, sciences de la population, sciences \u00e9conomiques ou \u00e9quivalent<\/li><li>Minimum 5 ans d\u2019exp\u00e9riences pertinentes dans l\u2019une ou plusieurs des th\u00e9matiques suivantes en lien avec l\u2019\u00e9tat civil et l\u2019identit\u00e9 : appui \u00e0 des r\u00e9formes du syst\u00e8me juridique, administration territoriale et d\u00e9centralisation, promotion de la gouvernance d\u00e9mocratique, renforcement des capacit\u00e9s pour la cr\u00e9ation et la gestion de services publics d\u00e9centralis\u00e9s, engagement citoyen et gouvernance locale<\/li><li>Minimum 2 ans d\u2019exp\u00e9riences pertinentes de terrain dans des projets de d\u00e9veloppement en rapport \u00e0 ces th\u00e9matiques<\/li><li>Connaissances solides des enjeux et des approches de modernisation de la gestion des informations d\u2019\u00e9tat civil et d\u2019identit\u00e9 des personnes appliquant les nouvelles technologies de l\u2019information (d\u00e9mat\u00e9rialisation, e-services)<\/li><li>Bonnes connaissances du contexte et des probl\u00e9matiques de l&rsquo;\u00e9tat civil dans l&rsquo;Afrique Subsaharienne<\/li><li>Capacit\u00e9 \u00e0 traduire des objectifs politiques en propositions concr\u00e8tes de d\u00e9veloppement dans un projet\/programme coh\u00e9rent ou une strat\u00e9gie coh\u00e9rente<\/li><li>Capacit\u00e9 d\u2019analyse et d\u2019action dans des contextes institutionnels multiculturels aux enjeux politiques et strat\u00e9giques complexes<\/li><li>Comp\u00e9tences av\u00e9r\u00e9es en gestion de projets et capacit\u00e9 \u00e0 contribuer de mani\u00e8re significative \u00e0 la pr\u00e9paration, l\u2019ex\u00e9cution et la supervision d\u2019interventions complexes<\/li><li>Excellentes capacit\u00e9s de communication \u00e9crite et orale en fran\u00e7ais et en anglais.<\/li><\/ul>\n\n\n\n<h3 class=\"wp-block-heading\">Livrables<\/h3>\n\n\n\n<p>Le consultant sera tenu de fournir un rapport d\u2019activit\u00e9s mensuel en version \u00e9lectronique pour refl\u00e9ter les r\u00e9alisations conform\u00e9ment \u00e0 ses termes de r\u00e9f\u00e9rence, pour validation et approbation par le Coordonnateur de projet.<\/p>\n\n\n\n<h3 class=\"wp-block-heading\"><br>Dur\u00e9e de la prestation<\/h3>\n\n\n\n<p>Le mandat du consultant est pr\u00e9vu pour une p\u00e9riode de douze (12) mois avec une possibilit\u00e9 d\u2019exte<\/p>\n\n\n\n<p>Date limite du d\u00e9pot de dossiers : Lundi 14 d\u00e9cembre 2020 \u00e0 12h00<\/p>\n","protected":false},"excerpt":{"rendered":"<p>Contexte Dans un contexte de mobilit\u00e9 internationale croissante, d\u2019\u00e9volution rapide des modes de services aux citoyens, mais aussi des opportunit\u00e9s offertes par les nouvelles technologies, les questions d\u2019\u00e9tat civil et d\u2019identit\u00e9 sont aujourd\u2019hui au c\u0153ur des objectifs de d\u00e9veloppement durable. L\u2019\u00e9tat civil fonde cette identit\u00e9 et, ce faisant, permet la sauvegarde des droits individuels et [&hellip;]<\/p>\n","protected":false},"author":1,"featured_media":0,"comment_status":"open","ping_status":"open","sticky":false,"template":"","format":"standard","meta":{"_acf_changed":false,"footnotes":""},"categories":[5],"tags":[],"class_list":["post-1067","post","type-post","status-publish","format-standard","hentry","category-recruitment"],"acf":[],"yoast_head":"<!-- This site is optimized with the Yoast SEO plugin v27.5 - https:\/\/yoast.com\/product\/yoast-seo-wordpress\/ -->\n<title>Recrutement d\u2019un Expert en Etat Civil et gestion d&#039;identit\u00e9 - Unit\u00e9 de Gouvernance Digitale<\/title>\n<meta name=\"robots\" content=\"index, follow, max-snippet:-1, max-image-preview:large, max-video-preview:-1\" \/>\n<link rel=\"canonical\" href=\"https:\/\/digital.gov.mg\/mg\/2020\/11\/23\/recrutement-dun-expert-en-etat-civil-et-gestion-didentite\/\" \/>\n<meta property=\"og:locale\" content=\"fr_FR\" \/>\n<meta property=\"og:locale:alternate\" content=\"en_US\" \/>\n<meta property=\"og:locale:alternate\" content=\"fr_FR\" \/>\n<meta property=\"og:type\" content=\"article\" \/>\n<meta property=\"og:title\" content=\"Recrutement d\u2019un Expert en Etat Civil et gestion d&#039;identit\u00e9 - Unit\u00e9 de Gouvernance Digitale\" \/>\n<meta property=\"og:description\" content=\"Contexte Dans un contexte de mobilit\u00e9 internationale croissante, d\u2019\u00e9volution rapide des modes de services aux citoyens, mais aussi des opportunit\u00e9s offertes par les nouvelles technologies, les questions d\u2019\u00e9tat civil et d\u2019identit\u00e9 sont aujourd\u2019hui au c\u0153ur des objectifs de d\u00e9veloppement durable. L\u2019\u00e9tat civil fonde cette identit\u00e9 et, ce faisant, permet la sauvegarde des droits individuels et [&hellip;]\" \/>\n<meta property=\"og:url\" content=\"https:\/\/digital.gov.mg\/mg\/2020\/11\/23\/recrutement-dun-expert-en-etat-civil-et-gestion-didentite\/\" \/>\n<meta property=\"og:site_name\" content=\"Unit\u00e9 de Gouvernance Digitale\" \/>\n<meta property=\"article:published_time\" content=\"2020-11-23T16:06:29+00:00\" \/>\n<meta property=\"article:modified_time\" content=\"2020-12-14T12:02:27+00:00\" \/>\n<meta name=\"author\" content=\"Administrateur\" \/>\n<meta name=\"twitter:card\" content=\"summary_large_image\" \/>\n<meta name=\"twitter:label1\" content=\"\u00c9crit par\" \/>\n\t<meta name=\"twitter:data1\" content=\"Administrateur\" \/>\n\t<meta name=\"twitter:label2\" content=\"Dur\u00e9e de lecture estim\u00e9e\" \/>\n\t<meta name=\"twitter:data2\" content=\"6 minutes\" \/>\n<script type=\"application\/ld+json\" class=\"yoast-schema-graph\">{\"@context\":\"https:\\\/\\\/schema.org\",\"@graph\":[{\"@type\":\"Article\",\"@id\":\"https:\\\/\\\/digital.gov.mg\\\/2020\\\/11\\\/23\\\/recrutement-dun-expert-en-etat-civil-et-gestion-didentite\\\/#article\",\"isPartOf\":{\"@id\":\"https:\\\/\\\/digital.gov.mg\\\/2020\\\/11\\\/23\\\/recrutement-dun-expert-en-etat-civil-et-gestion-didentite\\\/\"},\"author\":{\"name\":\"Administrateur\",\"@id\":\"https:\\\/\\\/digital.gov.mg\\\/#\\\/schema\\\/person\\\/e0bfd7c501fa6d8ca7517987accbe996\"},\"headline\":\"Recrutement d\u2019un Expert en Etat Civil et gestion d&rsquo;identit\u00e9\",\"datePublished\":\"2020-11-23T16:06:29+00:00\",\"dateModified\":\"2020-12-14T12:02:27+00:00\",\"mainEntityOfPage\":{\"@id\":\"https:\\\/\\\/digital.gov.mg\\\/2020\\\/11\\\/23\\\/recrutement-dun-expert-en-etat-civil-et-gestion-didentite\\\/\"},\"wordCount\":1210,\"commentCount\":0,\"articleSection\":[\"Recrutement\"],\"inLanguage\":\"Madagascar\",\"potentialAction\":[{\"@type\":\"CommentAction\",\"name\":\"Comment\",\"target\":[\"https:\\\/\\\/digital.gov.mg\\\/2020\\\/11\\\/23\\\/recrutement-dun-expert-en-etat-civil-et-gestion-didentite\\\/#respond\"]}]},{\"@type\":\"WebPage\",\"@id\":\"https:\\\/\\\/digital.gov.mg\\\/2020\\\/11\\\/23\\\/recrutement-dun-expert-en-etat-civil-et-gestion-didentite\\\/\",\"url\":\"https:\\\/\\\/digital.gov.mg\\\/2020\\\/11\\\/23\\\/recrutement-dun-expert-en-etat-civil-et-gestion-didentite\\\/\",\"name\":\"Recrutement d\u2019un Expert en Etat Civil et gestion d'identit\u00e9 - Unit\u00e9 de Gouvernance Digitale\",\"isPartOf\":{\"@id\":\"https:\\\/\\\/digital.gov.mg\\\/#website\"},\"datePublished\":\"2020-11-23T16:06:29+00:00\",\"dateModified\":\"2020-12-14T12:02:27+00:00\",\"author\":{\"@id\":\"https:\\\/\\\/digital.gov.mg\\\/#\\\/schema\\\/person\\\/e0bfd7c501fa6d8ca7517987accbe996\"},\"breadcrumb\":{\"@id\":\"https:\\\/\\\/digital.gov.mg\\\/2020\\\/11\\\/23\\\/recrutement-dun-expert-en-etat-civil-et-gestion-didentite\\\/#breadcrumb\"},\"inLanguage\":\"Madagascar\",\"potentialAction\":[{\"@type\":\"ReadAction\",\"target\":[\"https:\\\/\\\/digital.gov.mg\\\/2020\\\/11\\\/23\\\/recrutement-dun-expert-en-etat-civil-et-gestion-didentite\\\/\"]}]},{\"@type\":\"BreadcrumbList\",\"@id\":\"https:\\\/\\\/digital.gov.mg\\\/2020\\\/11\\\/23\\\/recrutement-dun-expert-en-etat-civil-et-gestion-didentite\\\/#breadcrumb\",\"itemListElement\":[{\"@type\":\"ListItem\",\"position\":1,\"name\":\"Accueil\",\"item\":\"https:\\\/\\\/digital.gov.mg\\\/\"},{\"@type\":\"ListItem\",\"position\":2,\"name\":\"Recrutement d\u2019un Expert en Etat Civil et gestion d&rsquo;identit\u00e9\"}]},{\"@type\":\"WebSite\",\"@id\":\"https:\\\/\\\/digital.gov.mg\\\/#website\",\"url\":\"https:\\\/\\\/digital.gov.mg\\\/\",\"name\":\"Unit\u00e9 de Gouvernance Digitale\",\"description\":\"Solutions centr\u00e9es sur les besoins essentiels de la population\",\"potentialAction\":[{\"@type\":\"SearchAction\",\"target\":{\"@type\":\"EntryPoint\",\"urlTemplate\":\"https:\\\/\\\/digital.gov.mg\\\/?s={search_term_string}\"},\"query-input\":{\"@type\":\"PropertyValueSpecification\",\"valueRequired\":true,\"valueName\":\"search_term_string\"}}],\"inLanguage\":\"Madagascar\"},{\"@type\":\"Person\",\"@id\":\"https:\\\/\\\/digital.gov.mg\\\/#\\\/schema\\\/person\\\/e0bfd7c501fa6d8ca7517987accbe996\",\"name\":\"Administrateur\",\"image\":{\"@type\":\"ImageObject\",\"inLanguage\":\"Madagascar\",\"@id\":\"https:\\\/\\\/secure.gravatar.com\\\/avatar\\\/5338e346d511fbce6718839a5237db5740235b1514ca9a2cb6955fb58f80d533?s=96&d=mm&r=g\",\"url\":\"https:\\\/\\\/secure.gravatar.com\\\/avatar\\\/5338e346d511fbce6718839a5237db5740235b1514ca9a2cb6955fb58f80d533?s=96&d=mm&r=g\",\"contentUrl\":\"https:\\\/\\\/secure.gravatar.com\\\/avatar\\\/5338e346d511fbce6718839a5237db5740235b1514ca9a2cb6955fb58f80d533?s=96&d=mm&r=g\",\"caption\":\"Administrateur\"},\"url\":\"https:\\\/\\\/digital.gov.mg\\\/mg\\\/author\\\/root3gm\\\/\"}]}<\/script>\n<!-- \/ Yoast SEO plugin. -->","yoast_head_json":{"title":"Recrutement d\u2019un Expert en Etat Civil et gestion d'identit\u00e9 - Unit\u00e9 de Gouvernance Digitale","robots":{"index":"index","follow":"follow","max-snippet":"max-snippet:-1","max-image-preview":"max-image-preview:large","max-video-preview":"max-video-preview:-1"},"canonical":"https:\/\/digital.gov.mg\/mg\/2020\/11\/23\/recrutement-dun-expert-en-etat-civil-et-gestion-didentite\/","og_locale":"fr_FR","og_type":"article","og_title":"Recrutement d\u2019un Expert en Etat Civil et gestion d'identit\u00e9 - Unit\u00e9 de Gouvernance Digitale","og_description":"Contexte Dans un contexte de mobilit\u00e9 internationale croissante, d\u2019\u00e9volution rapide des modes de services aux citoyens, mais aussi des opportunit\u00e9s offertes par les nouvelles technologies, les questions d\u2019\u00e9tat civil et d\u2019identit\u00e9 sont aujourd\u2019hui au c\u0153ur des objectifs de d\u00e9veloppement durable. L\u2019\u00e9tat civil fonde cette identit\u00e9 et, ce faisant, permet la sauvegarde des droits individuels et [&hellip;]","og_url":"https:\/\/digital.gov.mg\/mg\/2020\/11\/23\/recrutement-dun-expert-en-etat-civil-et-gestion-didentite\/","og_site_name":"Unit\u00e9 de Gouvernance Digitale","article_published_time":"2020-11-23T16:06:29+00:00","article_modified_time":"2020-12-14T12:02:27+00:00","author":"Administrateur","twitter_card":"summary_large_image","twitter_misc":{"\u00c9crit par":"Administrateur","Dur\u00e9e de lecture estim\u00e9e":"6 minutes"},"schema":{"@context":"https:\/\/schema.org","@graph":[{"@type":"Article","@id":"https:\/\/digital.gov.mg\/2020\/11\/23\/recrutement-dun-expert-en-etat-civil-et-gestion-didentite\/#article","isPartOf":{"@id":"https:\/\/digital.gov.mg\/2020\/11\/23\/recrutement-dun-expert-en-etat-civil-et-gestion-didentite\/"},"author":{"name":"Administrateur","@id":"https:\/\/digital.gov.mg\/#\/schema\/person\/e0bfd7c501fa6d8ca7517987accbe996"},"headline":"Recrutement d\u2019un Expert en Etat Civil et gestion d&rsquo;identit\u00e9","datePublished":"2020-11-23T16:06:29+00:00","dateModified":"2020-12-14T12:02:27+00:00","mainEntityOfPage":{"@id":"https:\/\/digital.gov.mg\/2020\/11\/23\/recrutement-dun-expert-en-etat-civil-et-gestion-didentite\/"},"wordCount":1210,"commentCount":0,"articleSection":["Recrutement"],"inLanguage":"Madagascar","potentialAction":[{"@type":"CommentAction","name":"Comment","target":["https:\/\/digital.gov.mg\/2020\/11\/23\/recrutement-dun-expert-en-etat-civil-et-gestion-didentite\/#respond"]}]},{"@type":"WebPage","@id":"https:\/\/digital.gov.mg\/2020\/11\/23\/recrutement-dun-expert-en-etat-civil-et-gestion-didentite\/","url":"https:\/\/digital.gov.mg\/2020\/11\/23\/recrutement-dun-expert-en-etat-civil-et-gestion-didentite\/","name":"Recrutement d\u2019un Expert en Etat Civil et gestion d'identit\u00e9 - Unit\u00e9 de Gouvernance Digitale","isPartOf":{"@id":"https:\/\/digital.gov.mg\/#website"},"datePublished":"2020-11-23T16:06:29+00:00","dateModified":"2020-12-14T12:02:27+00:00","author":{"@id":"https:\/\/digital.gov.mg\/#\/schema\/person\/e0bfd7c501fa6d8ca7517987accbe996"},"breadcrumb":{"@id":"https:\/\/digital.gov.mg\/2020\/11\/23\/recrutement-dun-expert-en-etat-civil-et-gestion-didentite\/#breadcrumb"},"inLanguage":"Madagascar","potentialAction":[{"@type":"ReadAction","target":["https:\/\/digital.gov.mg\/2020\/11\/23\/recrutement-dun-expert-en-etat-civil-et-gestion-didentite\/"]}]},{"@type":"BreadcrumbList","@id":"https:\/\/digital.gov.mg\/2020\/11\/23\/recrutement-dun-expert-en-etat-civil-et-gestion-didentite\/#breadcrumb","itemListElement":[{"@type":"ListItem","position":1,"name":"Accueil","item":"https:\/\/digital.gov.mg\/"},{"@type":"ListItem","position":2,"name":"Recrutement d\u2019un Expert en Etat Civil et gestion d&rsquo;identit\u00e9"}]},{"@type":"WebSite","@id":"https:\/\/digital.gov.mg\/#website","url":"https:\/\/digital.gov.mg\/","name":"Unit\u00e9 de Gouvernance Digitale","description":"Solutions centr\u00e9es sur les besoins essentiels de la population","potentialAction":[{"@type":"SearchAction","target":{"@type":"EntryPoint","urlTemplate":"https:\/\/digital.gov.mg\/?s={search_term_string}"},"query-input":{"@type":"PropertyValueSpecification","valueRequired":true,"valueName":"search_term_string"}}],"inLanguage":"Madagascar"},{"@type":"Person","@id":"https:\/\/digital.gov.mg\/#\/schema\/person\/e0bfd7c501fa6d8ca7517987accbe996","name":"Administrateur","image":{"@type":"ImageObject","inLanguage":"Madagascar","@id":"https:\/\/secure.gravatar.com\/avatar\/5338e346d511fbce6718839a5237db5740235b1514ca9a2cb6955fb58f80d533?s=96&d=mm&r=g","url":"https:\/\/secure.gravatar.com\/avatar\/5338e346d511fbce6718839a5237db5740235b1514ca9a2cb6955fb58f80d533?s=96&d=mm&r=g","contentUrl":"https:\/\/secure.gravatar.com\/avatar\/5338e346d511fbce6718839a5237db5740235b1514ca9a2cb6955fb58f80d533?s=96&d=mm&r=g","caption":"Administrateur"},"url":"https:\/\/digital.gov.mg\/mg\/author\/root3gm\/"}]}},"_links":{"self":[{"href":"https:\/\/digital.gov.mg\/mg\/wp-json\/wp\/v2\/posts\/1067","targetHints":{"allow":["GET"]}}],"collection":[{"href":"https:\/\/digital.gov.mg\/mg\/wp-json\/wp\/v2\/posts"}],"about":[{"href":"https:\/\/digital.gov.mg\/mg\/wp-json\/wp\/v2\/types\/post"}],"author":[{"embeddable":true,"href":"https:\/\/digital.gov.mg\/mg\/wp-json\/wp\/v2\/users\/1"}],"replies":[{"embeddable":true,"href":"https:\/\/digital.gov.mg\/mg\/wp-json\/wp\/v2\/comments?post=1067"}],"version-history":[{"count":21,"href":"https:\/\/digital.gov.mg\/mg\/wp-json\/wp\/v2\/posts\/1067\/revisions"}],"predecessor-version":[{"id":1207,"href":"https:\/\/digital.gov.mg\/mg\/wp-json\/wp\/v2\/posts\/1067\/revisions\/1207"}],"wp:attachment":[{"href":"https:\/\/digital.gov.mg\/mg\/wp-json\/wp\/v2\/media?parent=1067"}],"wp:term":[{"taxonomy":"category","embeddable":true,"href":"https:\/\/digital.gov.mg\/mg\/wp-json\/wp\/v2\/categories?post=1067"},{"taxonomy":"post_tag","embeddable":true,"href":"https:\/\/digital.gov.mg\/mg\/wp-json\/wp\/v2\/tags?post=1067"}],"curies":[{"name":"wp","href":"https:\/\/api.w.org\/{rel}","templated":true}]}}