{"id":1908,"date":"2021-06-24T19:03:49","date_gmt":"2021-06-24T17:03:49","guid":{"rendered":"https:\/\/digital.gov.mg\/?p=1908"},"modified":"2021-08-05T14:23:20","modified_gmt":"2021-08-05T12:23:20","slug":"recrutement-dune-technicienne-specialiste-en-sauvegarde-environnementale-et-sociale-pour-lunite-de-coordination-des-projets-papsp-et-prodigy","status":"publish","type":"post","link":"https:\/\/digital.gov.mg\/mg\/2021\/06\/24\/recrutement-dune-technicienne-specialiste-en-sauvegarde-environnementale-et-sociale-pour-lunite-de-coordination-des-projets-papsp-et-prodigy\/","title":{"rendered":"Recrutement d\u2019un(e) Technicien(ne) Sp\u00e9cialiste en Sauvegarde Environnementale et Sociale pour l\u2019Unit\u00e9 de Coordination des Projets PAPSP et PRODIGY"},"content":{"rendered":"\n<p><strong>APPEL A MANIFESTATION D&rsquo;INT\u00c9R\u00caT :&nbsp; N\u00b0010\/21\/PAPSP\/AMI<\/strong><\/p>\n\n\n\n<ol class=\"wp-block-list\"><li>Le Gouvernement de la R\u00e9publique de Madagascar a re\u00e7u un financement de l\u2019Association Internationale de D\u00e9veloppement (IDA) en vue de financer le Projet d\u2019Appui \u00e0 la Performance du Secteur Public (PAPSP), et a l\u2019intention d\u2019utiliser une partie du montant de ce fonds pour effectuer les paiements autoris\u00e9s au titre du contrat d\u2019un \u00ab d\u2019un(e) Technicien(ne) Sp\u00e9cialiste en Sauvegarde Environnementale et Sociale pour l\u2019Unit\u00e9 de Coordination des projets \u00bb.<\/li><li>Sous la supervision du Responsable Sauvegarde Environnementale et Sociale (RSES), le\/la Technicien(ne) Sp\u00e9cialiste a pour principal mandat d\u2019assister le RSES \u00e0 assurer le respect des r\u00e8gles et des normes de sauvegarde environnementale et sociale dans toutes les activit\u00e9s des Projets PAPSP et PRODIGY.<\/li><li>L\u2019Unit\u00e9 de Coordination invite les candidats int\u00e9ress\u00e9s, \u00e0 manifester leur int\u00e9r\u00eat. Ils doivent fournir les informations indiquant qu\u2019ils poss\u00e8dent les qualifications et exp\u00e9riences pour l\u2019ex\u00e9cution de la prestation.<\/li><li>Le Consultant sera s\u00e9lectionn\u00e9 en accord avec la m\u00e9thode de s\u00e9lection des Consultants individuels \u00e9nonc\u00e9e dans les Directives : S\u00e9lection et Emploi de Consultants par les Emprunteurs de la Banque mondiale dans le cadre des Pr\u00eats de la BIRD et des Cr\u00e9dits et Dons de l\u2019AID \u00bb (Janvier 2011, r\u00e9vis\u00e9e en Juillet 2014).<\/li><li>Les Consultants int\u00e9ress\u00e9s peuvent obtenir des informations suppl\u00e9mentaires, y compris les Termes de R\u00e9f\u00e9rence, \u00e0 l\u2019adresse (8) ci-dessous de neuf heures (09h00mn) \u00e0 seize heures (16h00mn).<\/li><li>Le Consultant doit disposer des qualifications et exp\u00e9riences suivantes :<ul><li>Dipl\u00f4me de Ma\u00eetrise Bacc+4 en Sciences de l\u2019Environnement ou autres dipl\u00f4mes \u00e9quivalents ;<\/li><li>05 ans d\u2019exp\u00e9riences au minimum en gestion environnementale et sociale dans les dix (10) derni\u00e8res ann\u00e9es ;<\/li><li>Avoir r\u00e9alis\u00e9 au moins une ann\u00e9e d\u2019exp\u00e9rience en mobilisation des parties prenantes ;<\/li><li>Avoir r\u00e9alis\u00e9 au moins une ann\u00e9e d\u2019exp\u00e9rience en gestion des plaintes ;<\/li><li>Apte \u00e0 effectuer de fr\u00e9quents d\u00e9placements sur terrain ;<\/li><li>Ayant une bonne ma\u00eetrise de l\u2019outil informatique (Word, Excel, Powerpoint, \u2026) ;<\/li><li>Connaissance des Politiques de sauvegarde environnementale et sociale de la Banque mondiale : Politiques op\u00e9rationnelles et Cadre environnemental et social ;<\/li><li>Avoir une bonne maitrise de la langue fran\u00e7aise et du malagasy ; la connaissance de l\u2019anglais serait un atout ;<\/li><li>La connaissance en gestion des d\u00e9chets dangereux \/ Gestion des d\u00e9chets d\u2019\u00e9quipements \u00e9lectriques et \u00e9lectroniques (DEEE) est un atout.<\/li><\/ul><\/li><li>La dur\u00e9e du contrat est de quarante-deux (42) mois avec une p\u00e9riode d\u2019essai de trois (03) mois.<\/li><li>Les dossiers de candidature devront comporter une lettre de motivation, r\u00e9dig\u00e9e en fran\u00e7ais, avec r\u00e9f\u00e9rences professionnelles, un CV (mod\u00e8le de la Banque mondiale) avec photo r\u00e9cente, une copie des dipl\u00f4mes et seront adress\u00e9s \u00e0 Madame le Coordonnateur de Projet et envoy\u00e9s aux adresses suivantes :<br>Adresse : Lot II M 85 ter Antsakaviro, 3\u00e8 \u00e9tage Antananarivo 101<br>Courriel : recrutement@digital.gov.mg, procurement@digital.gov.mg et rpm@digital.gov.mg<br>au plus tard le <strong>vendredi 09 juillet 2021 \u00e0 12 heures.<\/strong><br><br>Les Termes de R\u00e9f\u00e9rences peuvent \u00eatre t\u00e9l\u00e9charg\u00e9s au : <a href=\"https:\/\/digital.gov.mg\/wp-content\/uploads\/2021\/06\/PAPSP_TDR__Technicien_Specialiste_en_Sauvegardes_r\u00e9vis\u00e9-avec-CV.pdf\" target=\"_blank\" rel=\"noreferrer noopener\">PAPSP_TDR__Technicien_Specialiste_en_Sauvegardes_r\u00e9vis\u00e9 avec CV<\/a><\/li><\/ol>\n","protected":false},"excerpt":{"rendered":"<p>APPEL A MANIFESTATION D&rsquo;INT\u00c9R\u00caT :&nbsp; N\u00b0010\/21\/PAPSP\/AMI Le Gouvernement de la R\u00e9publique de Madagascar a re\u00e7u un financement de l\u2019Association Internationale de D\u00e9veloppement (IDA) en vue de financer le Projet d\u2019Appui \u00e0 la Performance du Secteur Public (PAPSP), et a l\u2019intention d\u2019utiliser une partie du montant de ce fonds pour effectuer les paiements autoris\u00e9s au titre [&hellip;]<\/p>\n","protected":false},"author":1,"featured_media":0,"comment_status":"open","ping_status":"open","sticky":false,"template":"","format":"standard","meta":{"_acf_changed":false,"footnotes":""},"categories":[5],"tags":[],"class_list":["post-1908","post","type-post","status-publish","format-standard","hentry","category-recruitment"],"acf":[],"yoast_head":"<!-- This site is optimized with the Yoast SEO plugin v27.5 - https:\/\/yoast.com\/product\/yoast-seo-wordpress\/ -->\n<title>Recrutement d\u2019un(e) Technicien(ne) Sp\u00e9cialiste en Sauvegarde Environnementale et Sociale pour l\u2019Unit\u00e9 de Coordination des Projets PAPSP et PRODIGY<\/title>\n<meta name=\"robots\" content=\"index, follow, max-snippet:-1, max-image-preview:large, max-video-preview:-1\" \/>\n<link rel=\"canonical\" href=\"https:\/\/digital.gov.mg\/mg\/2021\/06\/24\/recrutement-dune-technicienne-specialiste-en-sauvegarde-environnementale-et-sociale-pour-lunite-de-coordination-des-projets-papsp-et-prodigy\/\" \/>\n<meta property=\"og:locale\" content=\"fr_FR\" \/>\n<meta property=\"og:locale:alternate\" content=\"en_US\" \/>\n<meta property=\"og:locale:alternate\" content=\"fr_FR\" \/>\n<meta property=\"og:type\" content=\"article\" \/>\n<meta property=\"og:title\" content=\"Recrutement d\u2019un(e) Technicien(ne) Sp\u00e9cialiste en Sauvegarde Environnementale et Sociale pour l\u2019Unit\u00e9 de Coordination des Projets PAPSP et PRODIGY\" \/>\n<meta property=\"og:description\" content=\"APPEL A MANIFESTATION D&rsquo;INT\u00c9R\u00caT :&nbsp; N\u00b0010\/21\/PAPSP\/AMI Le Gouvernement de la R\u00e9publique de Madagascar a re\u00e7u un financement de l\u2019Association Internationale de D\u00e9veloppement (IDA) en vue de financer le Projet d\u2019Appui \u00e0 la Performance du Secteur Public (PAPSP), et a l\u2019intention d\u2019utiliser une partie du montant de ce fonds pour effectuer les paiements autoris\u00e9s au titre [&hellip;]\" \/>\n<meta property=\"og:url\" content=\"https:\/\/digital.gov.mg\/mg\/2021\/06\/24\/recrutement-dune-technicienne-specialiste-en-sauvegarde-environnementale-et-sociale-pour-lunite-de-coordination-des-projets-papsp-et-prodigy\/\" \/>\n<meta property=\"og:site_name\" content=\"Unit\u00e9 de Gouvernance Digitale\" \/>\n<meta property=\"article:published_time\" content=\"2021-06-24T17:03:49+00:00\" \/>\n<meta property=\"article:modified_time\" content=\"2021-08-05T12:23:20+00:00\" \/>\n<meta name=\"author\" content=\"Administrateur\" \/>\n<meta name=\"twitter:card\" content=\"summary_large_image\" \/>\n<meta name=\"twitter:label1\" content=\"\u00c9crit par\" \/>\n\t<meta name=\"twitter:data1\" content=\"Administrateur\" \/>\n\t<meta name=\"twitter:label2\" content=\"Dur\u00e9e de lecture estim\u00e9e\" \/>\n\t<meta name=\"twitter:data2\" content=\"3 minutes\" \/>\n<script type=\"application\/ld+json\" class=\"yoast-schema-graph\">{\"@context\":\"https:\\\/\\\/schema.org\",\"@graph\":[{\"@type\":\"Article\",\"@id\":\"https:\\\/\\\/digital.gov.mg\\\/mg\\\/2021\\\/06\\\/24\\\/recrutement-dune-technicienne-specialiste-en-sauvegarde-environnementale-et-sociale-pour-lunite-de-coordination-des-projets-papsp-et-prodigy\\\/#article\",\"isPartOf\":{\"@id\":\"https:\\\/\\\/digital.gov.mg\\\/mg\\\/2021\\\/06\\\/24\\\/recrutement-dune-technicienne-specialiste-en-sauvegarde-environnementale-et-sociale-pour-lunite-de-coordination-des-projets-papsp-et-prodigy\\\/\"},\"author\":{\"name\":\"Administrateur\",\"@id\":\"https:\\\/\\\/digital.gov.mg\\\/#\\\/schema\\\/person\\\/e0bfd7c501fa6d8ca7517987accbe996\"},\"headline\":\"Recrutement d\u2019un(e) Technicien(ne) Sp\u00e9cialiste en Sauvegarde Environnementale et Sociale pour l\u2019Unit\u00e9 de Coordination des Projets PAPSP et PRODIGY\",\"datePublished\":\"2021-06-24T17:03:49+00:00\",\"dateModified\":\"2021-08-05T12:23:20+00:00\",\"mainEntityOfPage\":{\"@id\":\"https:\\\/\\\/digital.gov.mg\\\/mg\\\/2021\\\/06\\\/24\\\/recrutement-dune-technicienne-specialiste-en-sauvegarde-environnementale-et-sociale-pour-lunite-de-coordination-des-projets-papsp-et-prodigy\\\/\"},\"wordCount\":569,\"commentCount\":0,\"articleSection\":[\"Recrutement\"],\"inLanguage\":\"Madagascar\",\"potentialAction\":[{\"@type\":\"CommentAction\",\"name\":\"Comment\",\"target\":[\"https:\\\/\\\/digital.gov.mg\\\/mg\\\/2021\\\/06\\\/24\\\/recrutement-dune-technicienne-specialiste-en-sauvegarde-environnementale-et-sociale-pour-lunite-de-coordination-des-projets-papsp-et-prodigy\\\/#respond\"]}]},{\"@type\":\"WebPage\",\"@id\":\"https:\\\/\\\/digital.gov.mg\\\/mg\\\/2021\\\/06\\\/24\\\/recrutement-dune-technicienne-specialiste-en-sauvegarde-environnementale-et-sociale-pour-lunite-de-coordination-des-projets-papsp-et-prodigy\\\/\",\"url\":\"https:\\\/\\\/digital.gov.mg\\\/mg\\\/2021\\\/06\\\/24\\\/recrutement-dune-technicienne-specialiste-en-sauvegarde-environnementale-et-sociale-pour-lunite-de-coordination-des-projets-papsp-et-prodigy\\\/\",\"name\":\"Recrutement d\u2019un(e) Technicien(ne) Sp\u00e9cialiste en Sauvegarde Environnementale et Sociale pour l\u2019Unit\u00e9 de Coordination des Projets PAPSP et PRODIGY\",\"isPartOf\":{\"@id\":\"https:\\\/\\\/digital.gov.mg\\\/#website\"},\"datePublished\":\"2021-06-24T17:03:49+00:00\",\"dateModified\":\"2021-08-05T12:23:20+00:00\",\"author\":{\"@id\":\"https:\\\/\\\/digital.gov.mg\\\/#\\\/schema\\\/person\\\/e0bfd7c501fa6d8ca7517987accbe996\"},\"breadcrumb\":{\"@id\":\"https:\\\/\\\/digital.gov.mg\\\/mg\\\/2021\\\/06\\\/24\\\/recrutement-dune-technicienne-specialiste-en-sauvegarde-environnementale-et-sociale-pour-lunite-de-coordination-des-projets-papsp-et-prodigy\\\/#breadcrumb\"},\"inLanguage\":\"Madagascar\",\"potentialAction\":[{\"@type\":\"ReadAction\",\"target\":[\"https:\\\/\\\/digital.gov.mg\\\/mg\\\/2021\\\/06\\\/24\\\/recrutement-dune-technicienne-specialiste-en-sauvegarde-environnementale-et-sociale-pour-lunite-de-coordination-des-projets-papsp-et-prodigy\\\/\"]}]},{\"@type\":\"BreadcrumbList\",\"@id\":\"https:\\\/\\\/digital.gov.mg\\\/mg\\\/2021\\\/06\\\/24\\\/recrutement-dune-technicienne-specialiste-en-sauvegarde-environnementale-et-sociale-pour-lunite-de-coordination-des-projets-papsp-et-prodigy\\\/#breadcrumb\",\"itemListElement\":[{\"@type\":\"ListItem\",\"position\":1,\"name\":\"Accueil\",\"item\":\"https:\\\/\\\/digital.gov.mg\\\/\"},{\"@type\":\"ListItem\",\"position\":2,\"name\":\"Recrutement d\u2019un(e) Technicien(ne) Sp\u00e9cialiste en Sauvegarde Environnementale et Sociale pour l\u2019Unit\u00e9 de Coordination des Projets PAPSP et PRODIGY\"}]},{\"@type\":\"WebSite\",\"@id\":\"https:\\\/\\\/digital.gov.mg\\\/#website\",\"url\":\"https:\\\/\\\/digital.gov.mg\\\/\",\"name\":\"Unit\u00e9 de Gouvernance Digitale\",\"description\":\"Solutions centr\u00e9es sur les besoins essentiels de la population\",\"potentialAction\":[{\"@type\":\"SearchAction\",\"target\":{\"@type\":\"EntryPoint\",\"urlTemplate\":\"https:\\\/\\\/digital.gov.mg\\\/?s={search_term_string}\"},\"query-input\":{\"@type\":\"PropertyValueSpecification\",\"valueRequired\":true,\"valueName\":\"search_term_string\"}}],\"inLanguage\":\"Madagascar\"},{\"@type\":\"Person\",\"@id\":\"https:\\\/\\\/digital.gov.mg\\\/#\\\/schema\\\/person\\\/e0bfd7c501fa6d8ca7517987accbe996\",\"name\":\"Administrateur\",\"image\":{\"@type\":\"ImageObject\",\"inLanguage\":\"Madagascar\",\"@id\":\"https:\\\/\\\/secure.gravatar.com\\\/avatar\\\/5338e346d511fbce6718839a5237db5740235b1514ca9a2cb6955fb58f80d533?s=96&d=mm&r=g\",\"url\":\"https:\\\/\\\/secure.gravatar.com\\\/avatar\\\/5338e346d511fbce6718839a5237db5740235b1514ca9a2cb6955fb58f80d533?s=96&d=mm&r=g\",\"contentUrl\":\"https:\\\/\\\/secure.gravatar.com\\\/avatar\\\/5338e346d511fbce6718839a5237db5740235b1514ca9a2cb6955fb58f80d533?s=96&d=mm&r=g\",\"caption\":\"Administrateur\"},\"url\":\"https:\\\/\\\/digital.gov.mg\\\/mg\\\/author\\\/root3gm\\\/\"}]}<\/script>\n<!-- \/ Yoast SEO plugin. -->","yoast_head_json":{"title":"Recrutement d\u2019un(e) Technicien(ne) Sp\u00e9cialiste en Sauvegarde Environnementale et Sociale pour l\u2019Unit\u00e9 de Coordination des Projets PAPSP et PRODIGY","robots":{"index":"index","follow":"follow","max-snippet":"max-snippet:-1","max-image-preview":"max-image-preview:large","max-video-preview":"max-video-preview:-1"},"canonical":"https:\/\/digital.gov.mg\/mg\/2021\/06\/24\/recrutement-dune-technicienne-specialiste-en-sauvegarde-environnementale-et-sociale-pour-lunite-de-coordination-des-projets-papsp-et-prodigy\/","og_locale":"fr_FR","og_type":"article","og_title":"[:fr]Recrutement d\u2019un(e) Technicien(ne) Sp\u00e9cialiste en Sauvegarde Environnementale et Sociale pour l\u2019Unit\u00e9 de Coordination des Projets PAPSP et PRODIGY[:] - Unit\u00e9 de Gouvernance Digitale","og_description":"APPEL A MANIFESTATION D&rsquo;INT\u00c9R\u00caT :&nbsp; N\u00b0010\/21\/PAPSP\/AMI Le Gouvernement de la R\u00e9publique de Madagascar a re\u00e7u un financement de l\u2019Association Internationale de D\u00e9veloppement (IDA) en vue de financer le Projet d\u2019Appui \u00e0 la Performance du Secteur Public (PAPSP), et a l\u2019intention d\u2019utiliser une partie du montant de ce fonds pour effectuer les paiements autoris\u00e9s au titre [&hellip;]","og_url":"https:\/\/digital.gov.mg\/mg\/2021\/06\/24\/recrutement-dune-technicienne-specialiste-en-sauvegarde-environnementale-et-sociale-pour-lunite-de-coordination-des-projets-papsp-et-prodigy\/","og_site_name":"Unit\u00e9 de Gouvernance Digitale","article_published_time":"2021-06-24T17:03:49+00:00","article_modified_time":"2021-08-05T12:23:20+00:00","author":"Administrateur","twitter_card":"summary_large_image","twitter_misc":{"\u00c9crit par":"Administrateur","Dur\u00e9e de lecture estim\u00e9e":"3 minutes"},"schema":{"@context":"https:\/\/schema.org","@graph":[{"@type":"Article","@id":"https:\/\/digital.gov.mg\/mg\/2021\/06\/24\/recrutement-dune-technicienne-specialiste-en-sauvegarde-environnementale-et-sociale-pour-lunite-de-coordination-des-projets-papsp-et-prodigy\/#article","isPartOf":{"@id":"https:\/\/digital.gov.mg\/mg\/2021\/06\/24\/recrutement-dune-technicienne-specialiste-en-sauvegarde-environnementale-et-sociale-pour-lunite-de-coordination-des-projets-papsp-et-prodigy\/"},"author":{"name":"Administrateur","@id":"https:\/\/digital.gov.mg\/#\/schema\/person\/e0bfd7c501fa6d8ca7517987accbe996"},"headline":"Recrutement d\u2019un(e) Technicien(ne) Sp\u00e9cialiste en Sauvegarde Environnementale et Sociale pour l\u2019Unit\u00e9 de Coordination des Projets PAPSP et PRODIGY","datePublished":"2021-06-24T17:03:49+00:00","dateModified":"2021-08-05T12:23:20+00:00","mainEntityOfPage":{"@id":"https:\/\/digital.gov.mg\/mg\/2021\/06\/24\/recrutement-dune-technicienne-specialiste-en-sauvegarde-environnementale-et-sociale-pour-lunite-de-coordination-des-projets-papsp-et-prodigy\/"},"wordCount":569,"commentCount":0,"articleSection":["Recrutement"],"inLanguage":"Madagascar","potentialAction":[{"@type":"CommentAction","name":"Comment","target":["https:\/\/digital.gov.mg\/mg\/2021\/06\/24\/recrutement-dune-technicienne-specialiste-en-sauvegarde-environnementale-et-sociale-pour-lunite-de-coordination-des-projets-papsp-et-prodigy\/#respond"]}]},{"@type":"WebPage","@id":"https:\/\/digital.gov.mg\/mg\/2021\/06\/24\/recrutement-dune-technicienne-specialiste-en-sauvegarde-environnementale-et-sociale-pour-lunite-de-coordination-des-projets-papsp-et-prodigy\/","url":"https:\/\/digital.gov.mg\/mg\/2021\/06\/24\/recrutement-dune-technicienne-specialiste-en-sauvegarde-environnementale-et-sociale-pour-lunite-de-coordination-des-projets-papsp-et-prodigy\/","name":"Recrutement d\u2019un(e) Technicien(ne) Sp\u00e9cialiste en Sauvegarde Environnementale et Sociale pour l\u2019Unit\u00e9 de Coordination des Projets PAPSP et PRODIGY","isPartOf":{"@id":"https:\/\/digital.gov.mg\/#website"},"datePublished":"2021-06-24T17:03:49+00:00","dateModified":"2021-08-05T12:23:20+00:00","author":{"@id":"https:\/\/digital.gov.mg\/#\/schema\/person\/e0bfd7c501fa6d8ca7517987accbe996"},"breadcrumb":{"@id":"https:\/\/digital.gov.mg\/mg\/2021\/06\/24\/recrutement-dune-technicienne-specialiste-en-sauvegarde-environnementale-et-sociale-pour-lunite-de-coordination-des-projets-papsp-et-prodigy\/#breadcrumb"},"inLanguage":"Madagascar","potentialAction":[{"@type":"ReadAction","target":["https:\/\/digital.gov.mg\/mg\/2021\/06\/24\/recrutement-dune-technicienne-specialiste-en-sauvegarde-environnementale-et-sociale-pour-lunite-de-coordination-des-projets-papsp-et-prodigy\/"]}]},{"@type":"BreadcrumbList","@id":"https:\/\/digital.gov.mg\/mg\/2021\/06\/24\/recrutement-dune-technicienne-specialiste-en-sauvegarde-environnementale-et-sociale-pour-lunite-de-coordination-des-projets-papsp-et-prodigy\/#breadcrumb","itemListElement":[{"@type":"ListItem","position":1,"name":"Accueil","item":"https:\/\/digital.gov.mg\/"},{"@type":"ListItem","position":2,"name":"Recrutement d\u2019un(e) Technicien(ne) Sp\u00e9cialiste en Sauvegarde Environnementale et Sociale pour l\u2019Unit\u00e9 de Coordination des Projets PAPSP et PRODIGY"}]},{"@type":"WebSite","@id":"https:\/\/digital.gov.mg\/#website","url":"https:\/\/digital.gov.mg\/","name":"Unit\u00e9 de Gouvernance Digitale","description":"Solutions centr\u00e9es sur les besoins essentiels de la population","potentialAction":[{"@type":"SearchAction","target":{"@type":"EntryPoint","urlTemplate":"https:\/\/digital.gov.mg\/?s={search_term_string}"},"query-input":{"@type":"PropertyValueSpecification","valueRequired":true,"valueName":"search_term_string"}}],"inLanguage":"Madagascar"},{"@type":"Person","@id":"https:\/\/digital.gov.mg\/#\/schema\/person\/e0bfd7c501fa6d8ca7517987accbe996","name":"Administrateur","image":{"@type":"ImageObject","inLanguage":"Madagascar","@id":"https:\/\/secure.gravatar.com\/avatar\/5338e346d511fbce6718839a5237db5740235b1514ca9a2cb6955fb58f80d533?s=96&d=mm&r=g","url":"https:\/\/secure.gravatar.com\/avatar\/5338e346d511fbce6718839a5237db5740235b1514ca9a2cb6955fb58f80d533?s=96&d=mm&r=g","contentUrl":"https:\/\/secure.gravatar.com\/avatar\/5338e346d511fbce6718839a5237db5740235b1514ca9a2cb6955fb58f80d533?s=96&d=mm&r=g","caption":"Administrateur"},"url":"https:\/\/digital.gov.mg\/mg\/author\/root3gm\/"}]}},"_links":{"self":[{"href":"https:\/\/digital.gov.mg\/mg\/wp-json\/wp\/v2\/posts\/1908","targetHints":{"allow":["GET"]}}],"collection":[{"href":"https:\/\/digital.gov.mg\/mg\/wp-json\/wp\/v2\/posts"}],"about":[{"href":"https:\/\/digital.gov.mg\/mg\/wp-json\/wp\/v2\/types\/post"}],"author":[{"embeddable":true,"href":"https:\/\/digital.gov.mg\/mg\/wp-json\/wp\/v2\/users\/1"}],"replies":[{"embeddable":true,"href":"https:\/\/digital.gov.mg\/mg\/wp-json\/wp\/v2\/comments?post=1908"}],"version-history":[{"count":5,"href":"https:\/\/digital.gov.mg\/mg\/wp-json\/wp\/v2\/posts\/1908\/revisions"}],"predecessor-version":[{"id":1919,"href":"https:\/\/digital.gov.mg\/mg\/wp-json\/wp\/v2\/posts\/1908\/revisions\/1919"}],"wp:attachment":[{"href":"https:\/\/digital.gov.mg\/mg\/wp-json\/wp\/v2\/media?parent=1908"}],"wp:term":[{"taxonomy":"category","embeddable":true,"href":"https:\/\/digital.gov.mg\/mg\/wp-json\/wp\/v2\/categories?post=1908"},{"taxonomy":"post_tag","embeddable":true,"href":"https:\/\/digital.gov.mg\/mg\/wp-json\/wp\/v2\/tags?post=1908"}],"curies":[{"name":"wp","href":"https:\/\/api.w.org\/{rel}","templated":true}]}}